{"id":445657,"date":"2014-06-11T15:39:23","date_gmt":"2014-06-11T22:39:23","guid":{"rendered":"http:\/\/agpnoticias.com\/news\/?p=445657"},"modified":"2014-06-11T18:11:12","modified_gmt":"2014-06-12T01:11:12","slug":"evaluara-grupo-pachuca-futbolistas-locales","status":"publish","type":"post","link":"https:\/\/agpnoticias.com\/news\/?p=445657","title":{"rendered":"Evaluar\u00e1 Grupo Pachuca a futbolistas locales"},"content":{"rendered":"<figure id=\"attachment_445674\" aria-describedby=\"caption-attachment-445674\" style=\"width: 640px\" class=\"wp-caption aligncenter\"><a href=\"http:\/\/agpnoticias.com\/news\/?attachment_id=445674\" rel=\"attachment wp-att-445674\"><img fetchpriority=\"high\" decoding=\"async\" class=\"size-full wp-image-445674\" src=\"http:\/\/agpnoticias.com\/news\/wp-content\/uploads\/2014\/06\/Los-futbolistas-juveniles-de-Ensenada-ser\u00e1n-seguidos-por-Grupo-Pachuca.jpg\" alt=\"Los futbolistas juveniles de Ensenada ser\u00e1n seguidos por Grupo Pachuca\" width=\"640\" height=\"473\" srcset=\"https:\/\/agpnoticias.com\/news\/wp-content\/uploads\/2014\/06\/Los-futbolistas-juveniles-de-Ensenada-ser\u00e1n-seguidos-por-Grupo-Pachuca.jpg 640w, https:\/\/agpnoticias.com\/news\/wp-content\/uploads\/2014\/06\/Los-futbolistas-juveniles-de-Ensenada-ser\u00e1n-seguidos-por-Grupo-Pachuca-200x147.jpg 200w, https:\/\/agpnoticias.com\/news\/wp-content\/uploads\/2014\/06\/Los-futbolistas-juveniles-de-Ensenada-ser\u00e1n-seguidos-por-Grupo-Pachuca-600x443.jpg 600w\" sizes=\"(max-width: 640px) 100vw, 640px\" \/><\/a><figcaption id=\"caption-attachment-445674\" class=\"wp-caption-text\">Los futbolistas juveniles de Ensenada ser\u00e1n seguidos por Grupo Pachuca<\/figcaption><\/figure>\n<p>Ensenada, Baja California.- Andr\u00e9s Edmundo Gonz\u00e1lez, responsable de visor\u00edas en los Mineros de Zacatecas de la Liga de Ascenso, estar\u00e1 en Ensenada para seguir futbolistas locales nacidos entre 1994 y 2002.<\/p>\n<p>Mineros ha tomado el lugar de Estudiantes Tecos dentro de la estructura del Grupo Pachuca, organizaci\u00f3n que sostiene convenio de trabajo con Ensenada FC, conjunto que, a su vez, naci\u00f3 tras la fusi\u00f3n de Diablos y Pecadores, participantes en el pasado torneo de Tercera Divisi\u00f3n.<\/p>\n<p>Joel Esquivias, t\u00e9cnico de Ensenada FC, inform\u00f3 que el viernes a las 13:00 horas en el campo Nueva Ensenada ser\u00e1n vistos los jugadores nacidos entre 1994 y 1999.<\/p>\n<p>Ese margen de edad es el que cumplen los jugadores que hasta el torneo pasado exigi\u00f3 la Tercera Divisi\u00f3n, donde compitieron Diablos y Pescadores.<\/p>\n<p>El s\u00e1bado, los enviados de Mineros observar\u00e1n la jornada de la Liga Infantil y Juvenil de Ensenada para tratar de reclutar talento nacido entre 1994 y 2002, mismo l\u00edmite que ser\u00e1 seguido domingo a partir de las 7:00 horas en el campo uno de Ciudad Deportiva.<\/p>\n<p>El lunes a las 15:00 horas en el campo Nueva Ensenada se realizar\u00e1 el filtro final.<\/p>\n","protected":false},"excerpt":{"rendered":"<p>Ensenada, Baja California.- Andr\u00e9s Edmundo Gonz\u00e1lez, responsable de visor\u00edas en los Mineros de Zacatecas de&#8230;<\/p>\n","protected":false},"author":1,"featured_media":445674,"comment_status":"closed","ping_status":"closed","sticky":false,"template":"","format":"standard","meta":{"footnotes":""},"categories":[1,7,32],"tags":[],"class_list":["post-445657","post","type-post","status-publish","format-standard","has-post-thumbnail","hentry","category-uncategorized","category-deportes","category-soccer"],"_links":{"self":[{"href":"https:\/\/agpnoticias.com\/news\/index.php?rest_route=\/wp\/v2\/posts\/445657","targetHints":{"allow":["GET"]}}],"collection":[{"href":"https:\/\/agpnoticias.com\/news\/index.php?rest_route=\/wp\/v2\/posts"}],"about":[{"href":"https:\/\/agpnoticias.com\/news\/index.php?rest_route=\/wp\/v2\/types\/post"}],"author":[{"embeddable":true,"href":"https:\/\/agpnoticias.com\/news\/index.php?rest_route=\/wp\/v2\/users\/1"}],"replies":[{"embeddable":true,"href":"https:\/\/agpnoticias.com\/news\/index.php?rest_route=%2Fwp%2Fv2%2Fcomments&post=445657"}],"version-history":[{"count":3,"href":"https:\/\/agpnoticias.com\/news\/index.php?rest_route=\/wp\/v2\/posts\/445657\/revisions"}],"predecessor-version":[{"id":446847,"href":"https:\/\/agpnoticias.com\/news\/index.php?rest_route=\/wp\/v2\/posts\/445657\/revisions\/446847"}],"wp:featuredmedia":[{"embeddable":true,"href":"https:\/\/agpnoticias.com\/news\/index.php?rest_route=\/wp\/v2\/media\/445674"}],"wp:attachment":[{"href":"https:\/\/agpnoticias.com\/news\/index.php?rest_route=%2Fwp%2Fv2%2Fmedia&parent=445657"}],"wp:term":[{"taxonomy":"category","embeddable":true,"href":"https:\/\/agpnoticias.com\/news\/index.php?rest_route=%2Fwp%2Fv2%2Fcategories&post=445657"},{"taxonomy":"post_tag","embeddable":true,"href":"https:\/\/agpnoticias.com\/news\/index.php?rest_route=%2Fwp%2Fv2%2Ftags&post=445657"}],"curies":[{"name":"wp","href":"https:\/\/api.w.org\/{rel}","templated":true}]}}