{"id":44945,"date":"2014-04-02T15:05:15","date_gmt":"2014-04-02T22:05:15","guid":{"rendered":"http:\/\/agpnoticias.com\/news\/?p=44945"},"modified":"2016-08-17T21:30:41","modified_gmt":"2016-08-18T04:30:41","slug":"seguira-con-marquez-los-domingos","status":"publish","type":"post","link":"https:\/\/agpnoticias.com\/news\/?p=44945","title":{"rendered":"Seguir\u00e1 con M\u00e1rquez los domingos"},"content":{"rendered":"<figure id=\"attachment_44946\" aria-describedby=\"caption-attachment-44946\" style=\"width: 501px\" class=\"wp-caption aligncenter\"><a href=\"http:\/\/agpnoticias.com\/news\/?attachment_id=44946\" rel=\"attachment wp-att-44946\"><img fetchpriority=\"high\" decoding=\"async\" class=\"size-full wp-image-44946\" alt=\"Uriak M\u00e1rquez inicia temporada el viernes con Marineros\" src=\"http:\/\/agpnoticias.com\/news\/wp-content\/uploads\/2014\/04\/Uriak-M\u00e1rquez-inicia-temporada-el-viernes-con-Marineros.jpg\" width=\"501\" height=\"480\" srcset=\"https:\/\/agpnoticias.com\/news\/wp-content\/uploads\/2014\/04\/Uriak-M\u00e1rquez-inicia-temporada-el-viernes-con-Marineros.jpg 501w, https:\/\/agpnoticias.com\/news\/wp-content\/uploads\/2014\/04\/Uriak-M\u00e1rquez-inicia-temporada-el-viernes-con-Marineros-200x191.jpg 200w\" sizes=\"(max-width: 501px) 100vw, 501px\" \/><\/a><figcaption id=\"caption-attachment-44946\" class=\"wp-caption-text\">Uriak M\u00e1rquez inicia temporada el viernes con Marineros<\/figcaption><\/figure>\n<p>Ensenada, Baja California.- Lo primero que Uriak M\u00e1rquez hizo al sumarse a los Marineros de Ensenada fue solicitar la autorizaci\u00f3n para jugar los domingos con el equipo local Publicidad M\u00e1rquez, finalista de la Liga Municipal.<\/p>\n<p>Como uno de los extranjeros confirmados para iniciar temporada con el equipo de Liga Norte de M\u00e9xico, el pelotero venezolano explic\u00f3 su intenci\u00f3n de cumplir con la promesa hecha ante los patrocinadores del plantel amateur.<\/p>\n<p>\u201cFue lo primero que platiqu\u00e9 con la gerencia de Marineros. Le di la palabra al equipo de Publicidad M\u00e1rquez y yo le cumplo. Estar\u00e9 aqu\u00ed y cuando termine ese compromiso ya estar\u00e9 los domingos con Marineros\u201d, confirm\u00f3.<\/p>\n<p>En cuanto a la final en la que Publicidad M\u00e1rquez se medir\u00e1 al ganador de la semifinal entre Cuervos y Escorpiones pronostic\u00f3 que se ver\u00e1 un mejor nivel que el mostrado en la semifinal donde barrieron a los juveniles Marineros.<\/p>\n<p>\u201cEsperamos que est\u00e9n fuertes los juegos y que los equipos est\u00e9n mas competitivos para que regrese la afici\u00f3n y nos siga apoyando porque la final ser\u00e1 atractiva\u201d, consider\u00f3.<\/p>\n<p>Sobre los Marineros dijo que \u201chabr\u00e1 un equipo muy bueno y competitivo que corresponder\u00e1 al apoyo de la afici\u00f3n\u201d.<\/p>\n","protected":false},"excerpt":{"rendered":"<p>Ensenada, Baja California.- Lo primero que Uriak M\u00e1rquez hizo al sumarse a los Marineros de&#8230;<\/p>\n","protected":false},"author":1,"featured_media":44947,"comment_status":"closed","ping_status":"closed","sticky":false,"template":"","format":"standard","meta":{"footnotes":""},"categories":[30,7,18,53,23],"tags":[],"class_list":["post-44945","post","type-post","status-publish","format-standard","has-post-thumbnail","hentry","category-beisbol","category-deportes","category-marineros-de-ensenada","category-municipal-de-ensenada","category-publicidad-marquez"],"_links":{"self":[{"href":"https:\/\/agpnoticias.com\/news\/index.php?rest_route=\/wp\/v2\/posts\/44945","targetHints":{"allow":["GET"]}}],"collection":[{"href":"https:\/\/agpnoticias.com\/news\/index.php?rest_route=\/wp\/v2\/posts"}],"about":[{"href":"https:\/\/agpnoticias.com\/news\/index.php?rest_route=\/wp\/v2\/types\/post"}],"author":[{"embeddable":true,"href":"https:\/\/agpnoticias.com\/news\/index.php?rest_route=\/wp\/v2\/users\/1"}],"replies":[{"embeddable":true,"href":"https:\/\/agpnoticias.com\/news\/index.php?rest_route=%2Fwp%2Fv2%2Fcomments&post=44945"}],"version-history":[{"count":2,"href":"https:\/\/agpnoticias.com\/news\/index.php?rest_route=\/wp\/v2\/posts\/44945\/revisions"}],"predecessor-version":[{"id":44950,"href":"https:\/\/agpnoticias.com\/news\/index.php?rest_route=\/wp\/v2\/posts\/44945\/revisions\/44950"}],"wp:featuredmedia":[{"embeddable":true,"href":"https:\/\/agpnoticias.com\/news\/index.php?rest_route=\/wp\/v2\/media\/44947"}],"wp:attachment":[{"href":"https:\/\/agpnoticias.com\/news\/index.php?rest_route=%2Fwp%2Fv2%2Fmedia&parent=44945"}],"wp:term":[{"taxonomy":"category","embeddable":true,"href":"https:\/\/agpnoticias.com\/news\/index.php?rest_route=%2Fwp%2Fv2%2Fcategories&post=44945"},{"taxonomy":"post_tag","embeddable":true,"href":"https:\/\/agpnoticias.com\/news\/index.php?rest_route=%2Fwp%2Fv2%2Ftags&post=44945"}],"curies":[{"name":"wp","href":"https:\/\/api.w.org\/{rel}","templated":true}]}}