{"id":4636,"date":"2011-06-24T12:45:59","date_gmt":"2011-06-24T19:45:59","guid":{"rendered":"http:\/\/agpnoticias.com\/news\/?p=4636"},"modified":"2011-06-24T12:45:59","modified_gmt":"2011-06-24T19:45:59","slug":"velan-en-ensenada-a-mexicano-asesinado-a-balazos-por-patrulla-fronteriza-de-estados-unidos","status":"publish","type":"post","link":"https:\/\/agpnoticias.com\/news\/?p=4636","title":{"rendered":"Velan en Ensenada a mexicano asesinado a balazos por Patrulla fronteriza de Estados Unidos"},"content":{"rendered":"<p>ENSENADA, Mexico.- Desde la tarde de \u00e9ste jueves 23 de junio, empez\u00f3 a ser velado en Ensenada, Jos\u00e9 Alfredo Y\u00e1\u00f1ez Reyes, un mexicano, residente de esta ciudad, que fue asesinado a balazos por un agente de la Patrulla Fronteriza de Estados Unidos, porque le lanz\u00f3 una pedrada.<\/p>\n<p>Su familia lo traslad\u00f3 a esta ciudad donde viv\u00eda y donde se encuentran sus seres queridos, sus tres hijos a los que manten\u00eda gracias al trabajo de alba\u00f1il que realizaba en Tijuana, donde trabajaba hasta dos semanas corridas para luego visitar Ensenada a traer dinero para su casa y regresar a aquella ciudad.<!--more--><\/p>\n<p>Jos\u00e9 Alfredo se\u00f1ala su hermana Beatriz Ya\u00f1ez era un hombre bueno, no ten\u00eda problemas con nadie, de hecho a sus 40 a\u00f1os de edad, nunca hab\u00eda sido detenido acusado de delito alguno, era alba\u00f1il y a eso se dedicaba para sacar adelante a sus hijos.<\/p>\n<p>Su hermano, abund\u00f3 ten\u00eda cuatro hijos, la mayor de 20 a\u00f1os de edad estudiante y sus dos hermanos, adem\u00e1s de un beb\u00e9 por nacer con su nueva pareja.<\/p>\n<p>Explic\u00f3 que trabajaba en la construcci\u00f3n y cada quince d\u00edas viajaba a Ensenada para visitar a su esposa y sus hijos que est\u00e1n en \u00e9sta ciudad,<\/p>\n<p>Jos\u00e9 Alfredo formaba parte de una familia numerosa, seis hermanos, cuatro hombres y dos mujeres donde \u00e9l, era el mayor. Al morir el deja en la orfandad a cuatro hijos.<\/p>\n<p>Tras la muerte de su hijo, su madre Victoria estaba sumamente afectada junto al f\u00e9retro acompa\u00f1ando el cuerpo de su primog\u00e9nito.<\/p>\n<p>No saben aun a que horas lo van a sepultar este viernes, estaban en espera de que arribaran familiares de Estados Unidos y Sinaloa.<\/p>\n<p>Respecto a lo que la familia siente la mezcla es de consternaci\u00f3n, tristeza, indignaci\u00f3n, desconfianza, mil sentimientos para los que no hay palabras que permitan expresar lo que se siente.<\/p>\n<p>La familia no conf\u00eda en las autoridades de Estados Unidos o la PGR, para resolver el asesinato o que hagan justicia<\/p>\n<p>Sin embargo estaban agradecidos con las autoridades del Estado de Baja California, con dos diputados uno de Ensenada y otro de Tijuana y el Consulado que los han apoyado en este dif\u00edcil transe.<\/p>\n<p>CRONOLOGIA<\/p>\n<p>El pasado 21 de junio una informaci\u00f3n dio la vuelta al mundo, el asesinato en la avenida internacional junto a la l\u00ednea fronteriza entre Estados Unidos y M\u00e9xico de un migrante mexicano.<\/p>\n<p>En el reporte oficial se indicaba que a las 19:40 horas del martes 21 de junio se inform\u00f3 v\u00eda C4 que en la avenida Internacional, a la altura de la colonia Castillo, a un lado de la l\u00ednea divisoria con Estados Unidos, se encontraba una persona de vida.<\/p>\n<p>Pocas horas despu\u00e9s del asesinato, se conoci\u00f3 que el occiso se llamaba Jos\u00e9 Alfredo Y\u00e1\u00f1ez Reyes, y que al parecer iban con otras dos personas mas.<\/p>\n<p>Al parecer cruzaban la l\u00ednea cuando fueron sorprendidos, uno de los mexicanos fue detenido y dos mas corrieron de regreso a M\u00e9xico.<\/p>\n<p>Desde el lado mexicano, habr\u00edan lanzado piedras contra los migras, una alcanz\u00f3 a uno de los agentes fronterizos y otro dispar\u00f3 en contra del migrante armado con una piedra.<\/p>\n<p>El disparo fue mortal, en la cabeza lo que provoc\u00f3 su muerte instant\u00e1nea.<\/p>\n<p>El 22 de junio la Procuradur\u00eda General de la Rep\u00fablica solicit\u00f3 la facultad de atracci\u00f3n en este caso.<\/p>\n<p>La Procuradur\u00eda de los Derechos Humanos se sum\u00f3 a estas primeras investigaciones.<\/p>\n<p>El mismo 22 de junio el Secretario General de Gobierno Cuauht\u00e9moc Cardona Benavides declar\u00f3:<\/p>\n<p>\u201cNo se justifica ning\u00fan disparo ni la eliminaci\u00f3n de una vida, una situaci\u00f3n de esta naturaleza, lamentablemente es un hecho que sucedi\u00f3 por lo que se exigir\u00e1 todo lo exigible en apego a la ley para esclarecer el caso y castigar a los responsables\u201d.<\/p>\n<p>Destac\u00f3 que desde el momento en que se tuvo conocimiento sobre la muerte del mexicano, la Procuradur\u00eda General de Justicia del Estado (PGJE) comenz\u00f3 con las averiguaciones correspondientes para contar con los elementos suficientes que permitan a la Secretar\u00eda de Relaciones Exteriores (SER) exigir a las autoridades norteamericanas una exhaustiva investigaci\u00f3n sobre el deceso y de esta manera fincar responsabilidades a quien resulte culpable.<\/p>\n<p>\u201cDesde luego que condenamos y rechazamos esta situaci\u00f3n, nos hemos comunicado con la Secretar\u00eda de Relaciones Exteriores para que ellos tambi\u00e9n hagan lo consecuente en un hecho en el que el Gobierno del Estado est\u00e1 en total desacuerdo\u201d, precis\u00f3 el funcionario estatal.<\/p>\n<p>Cardona Benavides refiri\u00f3 que la administraci\u00f3n del Gobernador Jos\u00e9 Guadalupe Osuna Mill\u00e1n espera que el Gobierno de Estados Unidos responda con la misma contundencia para dar respuesta al asesinato de Jos\u00e9 Alfredo Y\u00e1\u00f1ez Reyes.<\/p>\n<p>Este jueves 23 de junio el cuerpo de Y\u00e1\u00f1ez Reyes fue trasladado a Ensenada donde es velado en la funeraria del DIF Estatal.<\/p>\n<p>Este mismo d\u00eda por la ma\u00f1ana el representante de la PGR en San Diego, se neg\u00f3 a dar declaraci\u00f3n alguna sobre el caso a medios de Tijuana argumentando que se har\u00e1 desde la Ciudad de M\u00e9xico. AGP\/Foto: Agencia EFE\/Redaccion de Elizabeth Vargas\/ <a href=\"http:\/\/www.ensenada.net\">www.ensenada.net<\/a><\/p>\n<div id='gallery-1' class='gallery galleryid-4636 gallery-columns-2 gallery-size-thumbnail'><figure class='gallery-item'>\n\t\t\t<div class='gallery-icon portrait'>\n\t\t\t\t<a href='https:\/\/agpnoticias.com\/news\/wp-content\/uploads\/2011\/06\/20110625_asesinato.jpg'><img loading=\"lazy\" width=\"144\" height=\"200\" src=\"https:\/\/agpnoticias.com\/news\/wp-content\/uploads\/2011\/06\/20110625_asesinato-144x200.jpg\" class=\"attachment-thumbnail size-thumbnail\" alt=\"20110625_asesinato\" srcset=\"https:\/\/agpnoticias.com\/news\/wp-content\/uploads\/2011\/06\/20110625_asesinato-144x200.jpg 144w, https:\/\/agpnoticias.com\/news\/wp-content\/uploads\/2011\/06\/20110625_asesinato-230x320.jpg 230w, https:\/\/agpnoticias.com\/news\/wp-content\/uploads\/2011\/06\/20110625_asesinato.jpg 461w\" sizes=\"auto, (max-width: 144px) 100vw, 144px\" loading=\"lazy\" decoding=\"async\" \/><\/a>\n\t\t\t<\/div><\/figure><figure class='gallery-item'>\n\t\t\t<div class='gallery-icon landscape'>\n\t\t\t\t<a href='https:\/\/agpnoticias.com\/news\/wp-content\/uploads\/2011\/06\/20110625_asesinato-1.jpg'><img loading=\"lazy\" width=\"200\" height=\"161\" src=\"https:\/\/agpnoticias.com\/news\/wp-content\/uploads\/2011\/06\/20110625_asesinato-1-200x161.jpg\" class=\"attachment-thumbnail size-thumbnail\" alt=\"20110625_asesinato (1)\" srcset=\"https:\/\/agpnoticias.com\/news\/wp-content\/uploads\/2011\/06\/20110625_asesinato-1-200x161.jpg 200w, https:\/\/agpnoticias.com\/news\/wp-content\/uploads\/2011\/06\/20110625_asesinato-1-396x320.jpg 396w, https:\/\/agpnoticias.com\/news\/wp-content\/uploads\/2011\/06\/20110625_asesinato-1.jpg 595w\" sizes=\"auto, (max-width: 200px) 100vw, 200px\" loading=\"lazy\" decoding=\"async\" \/><\/a>\n\t\t\t<\/div><\/figure><figure class='gallery-item'>\n\t\t\t<div class='gallery-icon landscape'>\n\t\t\t\t<a href='https:\/\/agpnoticias.com\/news\/wp-content\/uploads\/2011\/06\/20110625_asesinato-2.jpg'><img loading=\"lazy\" width=\"200\" height=\"132\" src=\"https:\/\/agpnoticias.com\/news\/wp-content\/uploads\/2011\/06\/20110625_asesinato-2-200x132.jpg\" class=\"attachment-thumbnail size-thumbnail\" alt=\"20110625_asesinato (2)\" srcset=\"https:\/\/agpnoticias.com\/news\/wp-content\/uploads\/2011\/06\/20110625_asesinato-2-200x132.jpg 200w, https:\/\/agpnoticias.com\/news\/wp-content\/uploads\/2011\/06\/20110625_asesinato-2-483x320.jpg 483w, https:\/\/agpnoticias.com\/news\/wp-content\/uploads\/2011\/06\/20110625_asesinato-2.jpg 640w\" sizes=\"auto, (max-width: 200px) 100vw, 200px\" loading=\"lazy\" decoding=\"async\" \/><\/a>\n\t\t\t<\/div><\/figure><figure class='gallery-item'>\n\t\t\t<div class='gallery-icon landscape'>\n\t\t\t\t<a href='https:\/\/agpnoticias.com\/news\/wp-content\/uploads\/2011\/06\/20110625_asesinato-3.jpg'><img loading=\"lazy\" width=\"200\" height=\"173\" src=\"https:\/\/agpnoticias.com\/news\/wp-content\/uploads\/2011\/06\/20110625_asesinato-3-200x173.jpg\" class=\"attachment-thumbnail size-thumbnail\" alt=\"20110625_asesinato (3)\" srcset=\"https:\/\/agpnoticias.com\/news\/wp-content\/uploads\/2011\/06\/20110625_asesinato-3-200x173.jpg 200w, https:\/\/agpnoticias.com\/news\/wp-content\/uploads\/2011\/06\/20110625_asesinato-3-368x320.jpg 368w, https:\/\/agpnoticias.com\/news\/wp-content\/uploads\/2011\/06\/20110625_asesinato-3.jpg 552w\" sizes=\"auto, (max-width: 200px) 100vw, 200px\" loading=\"lazy\" decoding=\"async\" \/><\/a>\n\t\t\t<\/div><\/figure><figure class='gallery-item'>\n\t\t\t<div class='gallery-icon landscape'>\n\t\t\t\t<a href='https:\/\/agpnoticias.com\/news\/wp-content\/uploads\/2011\/06\/20110625_asesinato-4.jpg'><img loading=\"lazy\" width=\"200\" height=\"133\" src=\"https:\/\/agpnoticias.com\/news\/wp-content\/uploads\/2011\/06\/20110625_asesinato-4-200x133.jpg\" class=\"attachment-thumbnail size-thumbnail\" alt=\"20110625_asesinato (4)\" srcset=\"https:\/\/agpnoticias.com\/news\/wp-content\/uploads\/2011\/06\/20110625_asesinato-4-200x133.jpg 200w, https:\/\/agpnoticias.com\/news\/wp-content\/uploads\/2011\/06\/20110625_asesinato-4-479x320.jpg 479w, https:\/\/agpnoticias.com\/news\/wp-content\/uploads\/2011\/06\/20110625_asesinato-4.jpg 640w\" sizes=\"auto, (max-width: 200px) 100vw, 200px\" loading=\"lazy\" decoding=\"async\" \/><\/a>\n\t\t\t<\/div><\/figure><figure class='gallery-item'>\n\t\t\t<div class='gallery-icon landscape'>\n\t\t\t\t<a href='https:\/\/agpnoticias.com\/news\/wp-content\/uploads\/2011\/06\/20110625_asesinato-5.jpg'><img loading=\"lazy\" width=\"200\" height=\"124\" src=\"https:\/\/agpnoticias.com\/news\/wp-content\/uploads\/2011\/06\/20110625_asesinato-5-200x124.jpg\" class=\"attachment-thumbnail size-thumbnail\" alt=\"20110625_asesinato (5)\" srcset=\"https:\/\/agpnoticias.com\/news\/wp-content\/uploads\/2011\/06\/20110625_asesinato-5-200x124.jpg 200w, https:\/\/agpnoticias.com\/news\/wp-content\/uploads\/2011\/06\/20110625_asesinato-5-515x320.jpg 515w, https:\/\/agpnoticias.com\/news\/wp-content\/uploads\/2011\/06\/20110625_asesinato-5.jpg 640w\" sizes=\"auto, (max-width: 200px) 100vw, 200px\" loading=\"lazy\" decoding=\"async\" \/><\/a>\n\t\t\t<\/div><\/figure><figure class='gallery-item'>\n\t\t\t<div class='gallery-icon portrait'>\n\t\t\t\t<a href='https:\/\/agpnoticias.com\/news\/wp-content\/uploads\/2011\/06\/20110625_asesinato-6.jpg'><img loading=\"lazy\" width=\"147\" height=\"200\" src=\"https:\/\/agpnoticias.com\/news\/wp-content\/uploads\/2011\/06\/20110625_asesinato-6-147x200.jpg\" class=\"attachment-thumbnail size-thumbnail\" alt=\"20110625_asesinato (6)\" srcset=\"https:\/\/agpnoticias.com\/news\/wp-content\/uploads\/2011\/06\/20110625_asesinato-6-147x200.jpg 147w, https:\/\/agpnoticias.com\/news\/wp-content\/uploads\/2011\/06\/20110625_asesinato-6-236x320.jpg 236w, https:\/\/agpnoticias.com\/news\/wp-content\/uploads\/2011\/06\/20110625_asesinato-6.jpg 473w\" sizes=\"auto, (max-width: 147px) 100vw, 147px\" loading=\"lazy\" decoding=\"async\" \/><\/a>\n\t\t\t<\/div><\/figure><figure class='gallery-item'>\n\t\t\t<div class='gallery-icon landscape'>\n\t\t\t\t<a href='https:\/\/agpnoticias.com\/news\/wp-content\/uploads\/2011\/06\/20110625_asesinato-7.jpg'><img loading=\"lazy\" width=\"200\" height=\"133\" src=\"https:\/\/agpnoticias.com\/news\/wp-content\/uploads\/2011\/06\/20110625_asesinato-7-200x133.jpg\" class=\"attachment-thumbnail size-thumbnail\" alt=\"20110625_asesinato (7)\" srcset=\"https:\/\/agpnoticias.com\/news\/wp-content\/uploads\/2011\/06\/20110625_asesinato-7-200x133.jpg 200w, https:\/\/agpnoticias.com\/news\/wp-content\/uploads\/2011\/06\/20110625_asesinato-7-479x320.jpg 479w, https:\/\/agpnoticias.com\/news\/wp-content\/uploads\/2011\/06\/20110625_asesinato-7.jpg 640w\" sizes=\"auto, (max-width: 200px) 100vw, 200px\" loading=\"lazy\" decoding=\"async\" \/><\/a>\n\t\t\t<\/div><\/figure><figure class='gallery-item'>\n\t\t\t<div class='gallery-icon portrait'>\n\t\t\t\t<a href='https:\/\/agpnoticias.com\/news\/wp-content\/uploads\/2011\/06\/20110625_asesinato-8.jpg'><img loading=\"lazy\" width=\"152\" height=\"200\" src=\"https:\/\/agpnoticias.com\/news\/wp-content\/uploads\/2011\/06\/20110625_asesinato-8-152x200.jpg\" class=\"attachment-thumbnail size-thumbnail\" alt=\"20110625_asesinato (8)\" srcset=\"https:\/\/agpnoticias.com\/news\/wp-content\/uploads\/2011\/06\/20110625_asesinato-8-152x200.jpg 152w, https:\/\/agpnoticias.com\/news\/wp-content\/uploads\/2011\/06\/20110625_asesinato-8-243x320.jpg 243w, https:\/\/agpnoticias.com\/news\/wp-content\/uploads\/2011\/06\/20110625_asesinato-8.jpg 480w\" sizes=\"auto, (max-width: 152px) 100vw, 152px\" loading=\"lazy\" decoding=\"async\" \/><\/a>\n\t\t\t<\/div><\/figure><figure class='gallery-item'>\n\t\t\t<div class='gallery-icon portrait'>\n\t\t\t\t<a href='https:\/\/agpnoticias.com\/news\/wp-content\/uploads\/2011\/06\/20110625_asesinato-9.jpg'><img loading=\"lazy\" width=\"133\" height=\"200\" src=\"https:\/\/agpnoticias.com\/news\/wp-content\/uploads\/2011\/06\/20110625_asesinato-9-133x200.jpg\" class=\"attachment-thumbnail size-thumbnail\" alt=\"20110625_asesinato (9)\" srcset=\"https:\/\/agpnoticias.com\/news\/wp-content\/uploads\/2011\/06\/20110625_asesinato-9-133x200.jpg 133w, https:\/\/agpnoticias.com\/news\/wp-content\/uploads\/2011\/06\/20110625_asesinato-9-213x320.jpg 213w, https:\/\/agpnoticias.com\/news\/wp-content\/uploads\/2011\/06\/20110625_asesinato-9.jpg 427w\" sizes=\"auto, (max-width: 133px) 100vw, 133px\" loading=\"lazy\" decoding=\"async\" \/><\/a>\n\t\t\t<\/div><\/figure>\n\t\t<\/div>\n\n","protected":false},"excerpt":{"rendered":"<p>ENSENADA, Mexico.- Desde la tarde de \u00e9ste jueves 23 de junio, empez\u00f3 a ser velado&#8230;<\/p>\n","protected":false},"author":1,"featured_media":4639,"comment_status":"open","ping_status":"open","sticky":false,"template":"","format":"standard","meta":{"footnotes":""},"categories":[1],"tags":[],"class_list":["post-4636","post","type-post","status-publish","format-standard","has-post-thumbnail","hentry","category-uncategorized"],"_links":{"self":[{"href":"https:\/\/agpnoticias.com\/news\/index.php?rest_route=\/wp\/v2\/posts\/4636","targetHints":{"allow":["GET"]}}],"collection":[{"href":"https:\/\/agpnoticias.com\/news\/index.php?rest_route=\/wp\/v2\/posts"}],"about":[{"href":"https:\/\/agpnoticias.com\/news\/index.php?rest_route=\/wp\/v2\/types\/post"}],"author":[{"embeddable":true,"href":"https:\/\/agpnoticias.com\/news\/index.php?rest_route=\/wp\/v2\/users\/1"}],"replies":[{"embeddable":true,"href":"https:\/\/agpnoticias.com\/news\/index.php?rest_route=%2Fwp%2Fv2%2Fcomments&post=4636"}],"version-history":[{"count":2,"href":"https:\/\/agpnoticias.com\/news\/index.php?rest_route=\/wp\/v2\/posts\/4636\/revisions"}],"predecessor-version":[{"id":4648,"href":"https:\/\/agpnoticias.com\/news\/index.php?rest_route=\/wp\/v2\/posts\/4636\/revisions\/4648"}],"wp:featuredmedia":[{"embeddable":true,"href":"https:\/\/agpnoticias.com\/news\/index.php?rest_route=\/wp\/v2\/media\/4639"}],"wp:attachment":[{"href":"https:\/\/agpnoticias.com\/news\/index.php?rest_route=%2Fwp%2Fv2%2Fmedia&parent=4636"}],"wp:term":[{"taxonomy":"category","embeddable":true,"href":"https:\/\/agpnoticias.com\/news\/index.php?rest_route=%2Fwp%2Fv2%2Fcategories&post=4636"},{"taxonomy":"post_tag","embeddable":true,"href":"https:\/\/agpnoticias.com\/news\/index.php?rest_route=%2Fwp%2Fv2%2Ftags&post=4636"}],"curies":[{"name":"wp","href":"https:\/\/api.w.org\/{rel}","templated":true}]}}