{"id":4829,"date":"2011-06-27T15:51:23","date_gmt":"2011-06-27T22:51:23","guid":{"rendered":"http:\/\/agpnoticias.com\/news\/?p=4829"},"modified":"2011-06-27T15:51:23","modified_gmt":"2011-06-27T22:51:23","slug":"acuchillada-por-defender-a-su-hermana-en-ensenada","status":"publish","type":"post","link":"https:\/\/agpnoticias.com\/news\/?p=4829","title":{"rendered":"Acuchillada por defender a su hermana en Ensenada"},"content":{"rendered":"<p>ENSENADA, Mexico.- Una adolescente de 16 a\u00f1os result\u00f3 acuchillada por un adolescente var\u00f3n de apenas 15 a\u00f1os de edad, cuando a la fuerza intentaba llevarse a una ni\u00f1a de 12 a\u00f1os de edad, y al intentarla proteger su hermana mayor, fue herida por el sujeto en el abdomen.<\/p>\n<p>Los hechos se registraron alrededor de las 08:30 horas en la calle Encinos de la invasi\u00f3n De las Rocas donde se inform\u00f3 que se encontraba un menor agresivo que cuchillo en mano amenazaba a una familia.<!--more--><\/p>\n<p>Al llegar los agentes de la Estaci\u00f3n Oriente observaron la escena y l de inmediato sometieron al agresor que se identific\u00f3 como Samuel de 15 a\u00f1os quien portaba en la mano un cuchillo de aproximadamente 11 pulgadas de largo con terminaci\u00f3n en punta.<\/p>\n<p>En el lugar la madre de las dos hermanas explic\u00f3 que momentos antes lleg\u00f3 el menor de nombre Samuel y sumamente agresivo dijo que se llevar\u00eda a la hija de la reportante de apenas 12 a\u00f1os de edad.<\/p>\n<p>Dijo que si se opon\u00eda los matar\u00eda empezando a jalonear a la menor de 12 a\u00f1os que se negaba a irse con \u00e9l sujeto, ante lo cual intervino la otra hija de la reportante de 16 a\u00f1os de edad para tratar de impedir que se llevaran a su hermanita.<\/p>\n<p>Ante esto el sujeto muy enojado acuchill\u00f3 a la adolescente caus\u00e1ndole una herida de 6 cent\u00edmetros en el abdomen al tiempo que le rasgaba la blusa en repetidas ocasiones con el cuchillo al lanzarle m\u00e1s cuchilladas.<\/p>\n<p>Ante esto las afectadas solicitaron que el agresor fuera detenido ya que interpondr\u00e1n su denuncia en contra del asegurado.<\/p>\n<p>La menor lesionada en tanto fue trasladada por su mam\u00e1 a un hospital para que la atendiera de las lesiones mientras el agresor, era puesto a disposici\u00f3n del Ministerio Publico del Fuero Com\u00fan. AGP\/redaccion de Elizabeth Vargas<\/p>\n","protected":false},"excerpt":{"rendered":"<p>ENSENADA, Mexico.- Una adolescente de 16 a\u00f1os result\u00f3 acuchillada por un adolescente var\u00f3n de apenas&#8230;<\/p>\n","protected":false},"author":1,"featured_media":0,"comment_status":"open","ping_status":"open","sticky":false,"template":"","format":"standard","meta":{"footnotes":""},"categories":[1],"tags":[],"class_list":["post-4829","post","type-post","status-publish","format-standard","hentry","category-uncategorized"],"_links":{"self":[{"href":"https:\/\/agpnoticias.com\/news\/index.php?rest_route=\/wp\/v2\/posts\/4829","targetHints":{"allow":["GET"]}}],"collection":[{"href":"https:\/\/agpnoticias.com\/news\/index.php?rest_route=\/wp\/v2\/posts"}],"about":[{"href":"https:\/\/agpnoticias.com\/news\/index.php?rest_route=\/wp\/v2\/types\/post"}],"author":[{"embeddable":true,"href":"https:\/\/agpnoticias.com\/news\/index.php?rest_route=\/wp\/v2\/users\/1"}],"replies":[{"embeddable":true,"href":"https:\/\/agpnoticias.com\/news\/index.php?rest_route=%2Fwp%2Fv2%2Fcomments&post=4829"}],"version-history":[{"count":1,"href":"https:\/\/agpnoticias.com\/news\/index.php?rest_route=\/wp\/v2\/posts\/4829\/revisions"}],"predecessor-version":[{"id":4831,"href":"https:\/\/agpnoticias.com\/news\/index.php?rest_route=\/wp\/v2\/posts\/4829\/revisions\/4831"}],"wp:attachment":[{"href":"https:\/\/agpnoticias.com\/news\/index.php?rest_route=%2Fwp%2Fv2%2Fmedia&parent=4829"}],"wp:term":[{"taxonomy":"category","embeddable":true,"href":"https:\/\/agpnoticias.com\/news\/index.php?rest_route=%2Fwp%2Fv2%2Fcategories&post=4829"},{"taxonomy":"post_tag","embeddable":true,"href":"https:\/\/agpnoticias.com\/news\/index.php?rest_route=%2Fwp%2Fv2%2Ftags&post=4829"}],"curies":[{"name":"wp","href":"https:\/\/api.w.org\/{rel}","templated":true}]}}