{"id":4885,"date":"2011-06-30T14:38:35","date_gmt":"2011-06-30T21:38:35","guid":{"rendered":"http:\/\/agpnoticias.com\/news\/?p=4885"},"modified":"2011-06-30T14:39:13","modified_gmt":"2011-06-30T21:39:13","slug":"4885","status":"publish","type":"post","link":"https:\/\/agpnoticias.com\/news\/?p=4885","title":{"rendered":"Recomiendan usar bloqueador solar para este verano"},"content":{"rendered":"<p>ENSENADA, Mexico.- La Secretar\u00eda de Salud insta a la comunidad bajacaliforniana a utilizar bloqueadores solares, en esta temporada de verano sobre todo a los grupos de edad m\u00e1s vulnerables los beb\u00e9s, ni\u00f1os y personas de la tercera edad, se\u00f1al\u00f3 el Secretario de Salud del estado, Jos\u00e9 Bustamante Moreno.<\/p>\n<p>Coment\u00f3 que ante las altas temperaturas se incrementan los riesgos para la salud, como las quemaduras solares, dado que los rayos del sol pueden a llegar a lesionar la piel y es el primer responsable de la aparici\u00f3n de c\u00e1ncer de piel.<!--more--><\/p>\n<p>Indic\u00f3 que los beb\u00e9s tienen una piel muy sensible y al exponerla al sol, puede provocar una quemadura solar de consideraci\u00f3n, es por ello que se recomienda utilizar bloqueadores solares especiales para piel sensible.<\/p>\n<p>Mencion\u00f3 que al realizar cualquier actividad f\u00edsica al aire libre es necesario utilizar filtros y bloqueadores solares, dise\u00f1ados para proteger contra los rayos solares UVA y UVB, as\u00ed como de contaminantes ambientales.<\/p>\n<p>Es por ello que la Secretar\u00eda de salud emite las siguientes recomendaciones:<\/p>\n<p>Vestir ropa ligera, de colores claros y utilizar sombrero o sombrilla para protegerse del sol.<\/p>\n<p>Evitar actos p\u00fablicos o juegos en espacios cerrados sin ventilaci\u00f3n.<\/p>\n<p>Llevar a cabo el trabajo al aire libre, las ceremonias c\u00edvicas y las actividades deportivas durante las primeras horas del d\u00eda.<\/p>\n<p>Evitar exponerse al sol durante las horas de mayor calor entre las 11:00 y 17:00 hrs.<\/p>\n<p>No permanecer dentro de un veh\u00edculo estacionado o cerrado.<\/p>\n<p>El funcionario estatal exhort\u00f3 a los padres de familia que protejan a sus hijos de los rayos solares al igual de las altas temperaturas, se debe tener siempre en casa sobres de vida suero oral para deshidrataciones y bloqueadores solares. AGP\/Str<\/p>\n","protected":false},"excerpt":{"rendered":"<p>ENSENADA, Mexico.- La Secretar\u00eda de Salud insta a la comunidad bajacaliforniana a utilizar bloqueadores solares,&#8230;<\/p>\n","protected":false},"author":1,"featured_media":4886,"comment_status":"closed","ping_status":"open","sticky":false,"template":"","format":"standard","meta":{"footnotes":""},"categories":[1],"tags":[],"class_list":["post-4885","post","type-post","status-publish","format-standard","has-post-thumbnail","hentry","category-uncategorized"],"_links":{"self":[{"href":"https:\/\/agpnoticias.com\/news\/index.php?rest_route=\/wp\/v2\/posts\/4885","targetHints":{"allow":["GET"]}}],"collection":[{"href":"https:\/\/agpnoticias.com\/news\/index.php?rest_route=\/wp\/v2\/posts"}],"about":[{"href":"https:\/\/agpnoticias.com\/news\/index.php?rest_route=\/wp\/v2\/types\/post"}],"author":[{"embeddable":true,"href":"https:\/\/agpnoticias.com\/news\/index.php?rest_route=\/wp\/v2\/users\/1"}],"replies":[{"embeddable":true,"href":"https:\/\/agpnoticias.com\/news\/index.php?rest_route=%2Fwp%2Fv2%2Fcomments&post=4885"}],"version-history":[{"count":3,"href":"https:\/\/agpnoticias.com\/news\/index.php?rest_route=\/wp\/v2\/posts\/4885\/revisions"}],"predecessor-version":[{"id":4889,"href":"https:\/\/agpnoticias.com\/news\/index.php?rest_route=\/wp\/v2\/posts\/4885\/revisions\/4889"}],"wp:featuredmedia":[{"embeddable":true,"href":"https:\/\/agpnoticias.com\/news\/index.php?rest_route=\/wp\/v2\/media\/4886"}],"wp:attachment":[{"href":"https:\/\/agpnoticias.com\/news\/index.php?rest_route=%2Fwp%2Fv2%2Fmedia&parent=4885"}],"wp:term":[{"taxonomy":"category","embeddable":true,"href":"https:\/\/agpnoticias.com\/news\/index.php?rest_route=%2Fwp%2Fv2%2Fcategories&post=4885"},{"taxonomy":"post_tag","embeddable":true,"href":"https:\/\/agpnoticias.com\/news\/index.php?rest_route=%2Fwp%2Fv2%2Ftags&post=4885"}],"curies":[{"name":"wp","href":"https:\/\/api.w.org\/{rel}","templated":true}]}}