{"id":5461,"date":"2011-08-20T02:31:47","date_gmt":"2011-08-20T09:31:47","guid":{"rendered":"http:\/\/agpnoticias.com\/news\/?p=5461"},"modified":"2011-08-22T14:41:03","modified_gmt":"2011-08-22T21:41:03","slug":"es-de-un-nino-cadaver-encontrado-en-maneadero","status":"publish","type":"post","link":"https:\/\/agpnoticias.com\/news\/?p=5461","title":{"rendered":"Es de un ni\u00f1o cadaver encontrado en Maneadero"},"content":{"rendered":"<p>ENSENADA, Mexico.- La Subprocuradur\u00eda Justicia zona Ensenada, informa a cerca de los resultados obtenidos (hasta el momento) de la necropsia practicada al cad\u00e1ver encontrado la tarde del vienres en un camino vecinal ubicado en la zona del Salitral en el poblado de Maneadero.<\/p>\n<p>Los datos obtenidos por los m\u00e9dicos legistas, indican que los molares del occiso pertenecen a una persona de aproximadamente 12 a\u00f1os de edad.<!--more--><\/p>\n<p>El occiso, -que hasta el momento no ha sido identificado por sus familiares-, presenta una herida en el cuello producida por un arma punzo cortante, sin que se haya podido comprobar hasta el momento que esta herida sea la causa del deceso.<\/p>\n<p>Cabe indicar que debido al avanzado estado de putrefacci\u00f3n del cad\u00e1ver, ser\u00e1 necesario realizar ex\u00e1menes de perfil y comparativa gen\u00e9tica, para establecer la identidad del occiso.<\/p>\n<p>Siendo las 14:10 horas, de ayer se inform\u00f3 v\u00eda central de radio que en un camino vecinal de la zona conocida como el Salitral ubicado en el poblado de Maneadero, encontraba una persona sin vida.<\/p>\n<p>Al lugar en menci\u00f3n se trasladaron agentes ministeriales de la Unidad Contra Homicidios, as\u00ed como personal de Servicios Periciales y el Agente Ministerio P\u00fablico, quien dio fe del deceso de una persona del sexo masculino, que como huellas de violencia presenta lo que aparecer son amarres con cinta adhesiva en el rostro.<\/p>\n<p>El occiso portaba camisa a manga corta, color azul marino, con la frase \u201cbaseball KC\u201d, short negro y calzado deportivo color negro con rayas rojas y l\u00edneas blancas.<\/p>\n<p>El cad\u00e1ver que se encuentra en avanzado estado de descomposici\u00f3n no cuenta con manos y el tercio medio de la pierna izquierda, ya que fueron consumidos por roedores o animales que habitan en dicho lugar.<\/p>\n<p>Ante estos hechos la PGJE continuar\u00e1 con las indagatorias correspondientes para esclarecer este il\u00edcito hasta sus \u00faltimas consecuencias. AGP\/Redacciond e Elizabeth Vargas de www.ensenada.net<\/p>\n","protected":false},"excerpt":{"rendered":"<p>ENSENADA, Mexico.- La Subprocuradur\u00eda Justicia zona Ensenada, informa a cerca de los resultados obtenidos (hasta&#8230;<\/p>\n","protected":false},"author":1,"featured_media":0,"comment_status":"closed","ping_status":"open","sticky":false,"template":"","format":"standard","meta":{"footnotes":""},"categories":[1],"tags":[],"class_list":["post-5461","post","type-post","status-publish","format-standard","hentry","category-uncategorized"],"_links":{"self":[{"href":"https:\/\/agpnoticias.com\/news\/index.php?rest_route=\/wp\/v2\/posts\/5461","targetHints":{"allow":["GET"]}}],"collection":[{"href":"https:\/\/agpnoticias.com\/news\/index.php?rest_route=\/wp\/v2\/posts"}],"about":[{"href":"https:\/\/agpnoticias.com\/news\/index.php?rest_route=\/wp\/v2\/types\/post"}],"author":[{"embeddable":true,"href":"https:\/\/agpnoticias.com\/news\/index.php?rest_route=\/wp\/v2\/users\/1"}],"replies":[{"embeddable":true,"href":"https:\/\/agpnoticias.com\/news\/index.php?rest_route=%2Fwp%2Fv2%2Fcomments&post=5461"}],"version-history":[{"count":3,"href":"https:\/\/agpnoticias.com\/news\/index.php?rest_route=\/wp\/v2\/posts\/5461\/revisions"}],"predecessor-version":[{"id":5469,"href":"https:\/\/agpnoticias.com\/news\/index.php?rest_route=\/wp\/v2\/posts\/5461\/revisions\/5469"}],"wp:attachment":[{"href":"https:\/\/agpnoticias.com\/news\/index.php?rest_route=%2Fwp%2Fv2%2Fmedia&parent=5461"}],"wp:term":[{"taxonomy":"category","embeddable":true,"href":"https:\/\/agpnoticias.com\/news\/index.php?rest_route=%2Fwp%2Fv2%2Fcategories&post=5461"},{"taxonomy":"post_tag","embeddable":true,"href":"https:\/\/agpnoticias.com\/news\/index.php?rest_route=%2Fwp%2Fv2%2Ftags&post=5461"}],"curies":[{"name":"wp","href":"https:\/\/api.w.org\/{rel}","templated":true}]}}