{"id":5504,"date":"2011-09-01T09:44:47","date_gmt":"2011-09-01T16:44:47","guid":{"rendered":"http:\/\/agpnoticias.com\/news\/?p=5504"},"modified":"2011-09-01T09:44:47","modified_gmt":"2011-09-01T16:44:47","slug":"espanoles-construiran-desaladora-en-ensenada","status":"publish","type":"post","link":"https:\/\/agpnoticias.com\/news\/?p=5504","title":{"rendered":"Espa\u00f1oles construiran desaladora en Ensenada"},"content":{"rendered":"<p>ENSENADA, Mexico.- La compa\u00f1\u00eda espa\u00f1ola OHL Medio Ambiente Inima S.A.U., ser\u00e1 la que ejecutar\u00e1 el proyecto ejecutivo, construcci\u00f3n, dise\u00f1o, equipamiento, operaci\u00f3n , conservaci\u00f3n y mantenimiento de la planta desaladora de El Salitral, que se ubicar\u00e1 en Ensenada.<\/p>\n<p>Efra\u00edn Mu\u00f1oz Mart\u00edn, director general de la Comisi\u00f3n Estatal del Agua (CEA), dio a conocer el dictamen final de la convocatoria p\u00fablica internacional, cuya licitaci\u00f3n fue la n\u00famero 32130001-001-11 correspondiente a la captaci\u00f3n, desalaci\u00f3n de agua de mar y entrega de 250 litros por segundo.<!--more--><\/p>\n<p>El titular de la CEA indic\u00f3 que la puesta en marcha de la desaladora llevar\u00eda un plazo de 18 meses despu\u00e9s de firmado el contrato, y ser\u00e1 en abril del 2013 cuando la obra comenzar\u00e1 a funcionar para beneficio de 96 mil habitantes.<\/p>\n<p>\u201cOHL Medio Ambiente Inima S.A.U., es la compaa que cumple con los requisitos legales, t\u00e9cnicos y econ\u00f3micos establecidos en la convocatoria de esta licitaci\u00f3n\u201d, revel\u00f3 Mu\u00f1oz Mart\u00edn.<\/p>\n<p>Ante funcionarios estatales y federales que asistieron ayer a las oficinas de la CEA que se ubican en Mexicali, el director general de la paraestatal destac\u00f3 que la empresa que se adjudic\u00f3 el contrato compiti\u00f3 contra otros seis consorcios que presentaron propuesta.<\/p>\n<p>\u201cSe inscribieron 32 empresas, de las cuales 7 consorcios presentaron su proyecto, y se procedi\u00f3 a una revisi\u00f3n detallada, de la cual result\u00f3 OHL Medio Ambiente Inima S.A.U. la ganadora\u201d, puntualiz\u00f3.<\/p>\n<p>Mu\u00f1oz Mart\u00edn expres\u00f3 que con el resultado de la licitaci\u00f3n, se logr\u00f3 dar un paso muy importante para concretar esta obra que impulsa el gobernador de Baja California, Jos\u00e9 Guadalupe Osuna Mill\u00e1n. AGP\/redaccion de Periodico El Vigia de Ensenada<\/p>\n","protected":false},"excerpt":{"rendered":"<p>ENSENADA, Mexico.- La compa\u00f1\u00eda espa\u00f1ola OHL Medio Ambiente Inima S.A.U., ser\u00e1 la que ejecutar\u00e1 el&#8230;<\/p>\n","protected":false},"author":1,"featured_media":0,"comment_status":"closed","ping_status":"open","sticky":false,"template":"","format":"standard","meta":{"footnotes":""},"categories":[1],"tags":[],"class_list":["post-5504","post","type-post","status-publish","format-standard","hentry","category-uncategorized"],"_links":{"self":[{"href":"https:\/\/agpnoticias.com\/news\/index.php?rest_route=\/wp\/v2\/posts\/5504","targetHints":{"allow":["GET"]}}],"collection":[{"href":"https:\/\/agpnoticias.com\/news\/index.php?rest_route=\/wp\/v2\/posts"}],"about":[{"href":"https:\/\/agpnoticias.com\/news\/index.php?rest_route=\/wp\/v2\/types\/post"}],"author":[{"embeddable":true,"href":"https:\/\/agpnoticias.com\/news\/index.php?rest_route=\/wp\/v2\/users\/1"}],"replies":[{"embeddable":true,"href":"https:\/\/agpnoticias.com\/news\/index.php?rest_route=%2Fwp%2Fv2%2Fcomments&post=5504"}],"version-history":[{"count":1,"href":"https:\/\/agpnoticias.com\/news\/index.php?rest_route=\/wp\/v2\/posts\/5504\/revisions"}],"predecessor-version":[{"id":5505,"href":"https:\/\/agpnoticias.com\/news\/index.php?rest_route=\/wp\/v2\/posts\/5504\/revisions\/5505"}],"wp:attachment":[{"href":"https:\/\/agpnoticias.com\/news\/index.php?rest_route=%2Fwp%2Fv2%2Fmedia&parent=5504"}],"wp:term":[{"taxonomy":"category","embeddable":true,"href":"https:\/\/agpnoticias.com\/news\/index.php?rest_route=%2Fwp%2Fv2%2Fcategories&post=5504"},{"taxonomy":"post_tag","embeddable":true,"href":"https:\/\/agpnoticias.com\/news\/index.php?rest_route=%2Fwp%2Fv2%2Ftags&post=5504"}],"curies":[{"name":"wp","href":"https:\/\/api.w.org\/{rel}","templated":true}]}}