{"id":62145,"date":"2014-05-01T17:07:35","date_gmt":"2014-05-02T00:07:35","guid":{"rendered":"http:\/\/agpnoticias.com\/news\/?p=62145"},"modified":"2014-05-01T17:07:35","modified_gmt":"2014-05-02T00:07:35","slug":"ni-trabajo-le-costo","status":"publish","type":"post","link":"https:\/\/agpnoticias.com\/news\/?p=62145","title":{"rendered":"Ni trabajo le cost\u00f3&#8230;"},"content":{"rendered":"<figure id=\"attachment_62149\" aria-describedby=\"caption-attachment-62149\" style=\"width: 640px\" class=\"wp-caption aligncenter\"><a href=\"http:\/\/agpnoticias.com\/news\/?attachment_id=62149\" rel=\"attachment wp-att-62149\"><img fetchpriority=\"high\" decoding=\"async\" class=\"size-full wp-image-62149\" src=\"http:\/\/agpnoticias.com\/news\/wp-content\/uploads\/2014\/05\/La-carrera-\u00b4Quillo\u00b4Mart\u00ednez-cumpli\u00f3-su-vig\u00e9sima-edici\u00f3n.jpg\" alt=\"La carrera \u00b4Quillo\u00b4Mart\u00ednez cumpli\u00f3 su vig\u00e9sima edici\u00f3n\" width=\"640\" height=\"340\" srcset=\"https:\/\/agpnoticias.com\/news\/wp-content\/uploads\/2014\/05\/La-carrera-\u00b4Quillo\u00b4Mart\u00ednez-cumpli\u00f3-su-vig\u00e9sima-edici\u00f3n.jpg 640w, https:\/\/agpnoticias.com\/news\/wp-content\/uploads\/2014\/05\/La-carrera-\u00b4Quillo\u00b4Mart\u00ednez-cumpli\u00f3-su-vig\u00e9sima-edici\u00f3n-200x106.jpg 200w, https:\/\/agpnoticias.com\/news\/wp-content\/uploads\/2014\/05\/La-carrera-\u00b4Quillo\u00b4Mart\u00ednez-cumpli\u00f3-su-vig\u00e9sima-edici\u00f3n-600x318.jpg 600w\" sizes=\"(max-width: 640px) 100vw, 640px\" \/><\/a><figcaption id=\"caption-attachment-62149\" class=\"wp-caption-text\">La carrera \u00b4Quillo\u00b4Mart\u00ednez cumpli\u00f3 su vig\u00e9sima edici\u00f3n<\/figcaption><\/figure>\n<p>Ensenada, Baja California.- Alan Marr\u00f3n fue el m\u00e1s veloz de los cerca de 200 corredores que compitieron en la tradicional fecha atl\u00e9tica de 6 kil\u00f3metros en memoria de \u00d3scar \u201cQuillo\u201d Mart\u00ednez.<\/p>\n<figure id=\"attachment_62151\" aria-describedby=\"caption-attachment-62151\" style=\"width: 156px\" class=\"wp-caption alignleft\"><a href=\"http:\/\/agpnoticias.com\/news\/?attachment_id=62151\" rel=\"attachment wp-att-62151\"><img decoding=\"async\" class=\"size-thumbnail wp-image-62151\" src=\"http:\/\/agpnoticias.com\/news\/wp-content\/uploads\/2014\/05\/Alan-Marr\u00f3n-gan\u00f3-la-carrera-celebrado-cada-D\u00eda-del-Trabajo-156x200.jpg\" alt=\"Alan Marr\u00f3n gan\u00f3 la carrera celebrado cada D\u00eda del Trabajo\" width=\"156\" height=\"200\" srcset=\"https:\/\/agpnoticias.com\/news\/wp-content\/uploads\/2014\/05\/Alan-Marr\u00f3n-gan\u00f3-la-carrera-celebrado-cada-D\u00eda-del-Trabajo-156x200.jpg 156w, https:\/\/agpnoticias.com\/news\/wp-content\/uploads\/2014\/05\/Alan-Marr\u00f3n-gan\u00f3-la-carrera-celebrado-cada-D\u00eda-del-Trabajo.jpg 336w\" sizes=\"(max-width: 156px) 100vw, 156px\" \/><\/a><figcaption id=\"caption-attachment-62151\" class=\"wp-caption-text\">Alan Marr\u00f3n gan\u00f3 la carrera celebrado cada D\u00eda del Trabajo<\/figcaption><\/figure>\n<p>El ganador registr\u00f3 tiempo de 20:37 desde que sali\u00f3 de la salida y meta instalada en la avenida Westman, a un costado del Cipr\u00e9s.<\/p>\n<figure id=\"attachment_62158\" aria-describedby=\"caption-attachment-62158\" style=\"width: 133px\" class=\"wp-caption alignright\"><a href=\"http:\/\/agpnoticias.com\/news\/?attachment_id=62158\" rel=\"attachment wp-att-62158\"><img decoding=\"async\" class=\"size-thumbnail wp-image-62158\" src=\"http:\/\/agpnoticias.com\/news\/wp-content\/uploads\/2014\/05\/Marbella-Garc\u00eda-gan\u00f3-entre-las-femeniles-133x200.jpg\" alt=\"Marbella Garc\u00eda gan\u00f3 entre las femeniles\" width=\"133\" height=\"200\" srcset=\"https:\/\/agpnoticias.com\/news\/wp-content\/uploads\/2014\/05\/Marbella-Garc\u00eda-gan\u00f3-entre-las-femeniles-133x200.jpg 133w, https:\/\/agpnoticias.com\/news\/wp-content\/uploads\/2014\/05\/Marbella-Garc\u00eda-gan\u00f3-entre-las-femeniles.jpg 299w\" sizes=\"(max-width: 133px) 100vw, 133px\" \/><\/a><figcaption id=\"caption-attachment-62158\" class=\"wp-caption-text\">Marbella Garc\u00eda gan\u00f3 entre las femeniles<\/figcaption><\/figure>\n<p>Detr\u00e1s de \u00e9l llegaron Iv\u00e1n Garc\u00eda (21:29), Esteban Rangel (21:45), Guillermo Prieto (21:55) y Jes\u00fas Peralta (22:08), mientras que la rama femenil fue ganada por Marbella Garc\u00eda (27:17).<\/p>\n<p>\u201cYa es la carrera 20 y la hacemos en honor de mi hermano ya fallecido, que y particip\u00f3 en la \u00e9poca de corredores muy buenos como Emeterio Nava, Porfirio Serna, \u00b4Chapo\u00b4 Vigil&#8230;\u201d, inform\u00f3 Rafael Mart\u00ednez.<\/p>\n<p>El promotor dijo que la carrera se realiza cada primero de mayo porque \u201cla familia aprovechaba el d\u00eda de descanso para convivir\u201d.<\/p>\n<p>\u201cLa cantidad de participantes, desde hace 20 a\u00f1os que falleci\u00f3 mi hermano, se ha mantenido en 200 corredores y es porque no podemos dar m\u00e1s premiaci\u00f3n, ya que la familia es la que saca adelante el evento\u201d.<\/p>\n","protected":false},"excerpt":{"rendered":"<p>Ensenada, Baja California.- Alan Marr\u00f3n fue el m\u00e1s veloz de los cerca de 200 corredores&#8230;<\/p>\n","protected":false},"author":1,"featured_media":62149,"comment_status":"closed","ping_status":"closed","sticky":false,"template":"","format":"standard","meta":{"footnotes":""},"categories":[1,31,7],"tags":[],"class_list":["post-62145","post","type-post","status-publish","format-standard","has-post-thumbnail","hentry","category-uncategorized","category-atletismo","category-deportes"],"_links":{"self":[{"href":"https:\/\/agpnoticias.com\/news\/index.php?rest_route=\/wp\/v2\/posts\/62145","targetHints":{"allow":["GET"]}}],"collection":[{"href":"https:\/\/agpnoticias.com\/news\/index.php?rest_route=\/wp\/v2\/posts"}],"about":[{"href":"https:\/\/agpnoticias.com\/news\/index.php?rest_route=\/wp\/v2\/types\/post"}],"author":[{"embeddable":true,"href":"https:\/\/agpnoticias.com\/news\/index.php?rest_route=\/wp\/v2\/users\/1"}],"replies":[{"embeddable":true,"href":"https:\/\/agpnoticias.com\/news\/index.php?rest_route=%2Fwp%2Fv2%2Fcomments&post=62145"}],"version-history":[{"count":1,"href":"https:\/\/agpnoticias.com\/news\/index.php?rest_route=\/wp\/v2\/posts\/62145\/revisions"}],"predecessor-version":[{"id":62165,"href":"https:\/\/agpnoticias.com\/news\/index.php?rest_route=\/wp\/v2\/posts\/62145\/revisions\/62165"}],"wp:featuredmedia":[{"embeddable":true,"href":"https:\/\/agpnoticias.com\/news\/index.php?rest_route=\/wp\/v2\/media\/62149"}],"wp:attachment":[{"href":"https:\/\/agpnoticias.com\/news\/index.php?rest_route=%2Fwp%2Fv2%2Fmedia&parent=62145"}],"wp:term":[{"taxonomy":"category","embeddable":true,"href":"https:\/\/agpnoticias.com\/news\/index.php?rest_route=%2Fwp%2Fv2%2Fcategories&post=62145"},{"taxonomy":"post_tag","embeddable":true,"href":"https:\/\/agpnoticias.com\/news\/index.php?rest_route=%2Fwp%2Fv2%2Ftags&post=62145"}],"curies":[{"name":"wp","href":"https:\/\/api.w.org\/{rel}","templated":true}]}}