{"id":634752,"date":"2014-07-03T12:57:59","date_gmt":"2014-07-03T19:57:59","guid":{"rendered":"http:\/\/agpnoticias.com\/news\/?p=634752"},"modified":"2014-07-03T19:11:53","modified_gmt":"2014-07-04T02:11:53","slug":"sigue-vivo-el-sueno-del-salon-de-la-fama","status":"publish","type":"post","link":"https:\/\/agpnoticias.com\/news\/?p=634752","title":{"rendered":"Sigue vivo el sue\u00f1o del Sal\u00f3n de la Fama"},"content":{"rendered":"<figure id=\"attachment_634760\" aria-describedby=\"caption-attachment-634760\" style=\"width: 759px\" class=\"wp-caption aligncenter\"><a href=\"http:\/\/agpnoticias.com\/news\/?attachment_id=634760\" rel=\"attachment wp-att-634760\"><img fetchpriority=\"high\" decoding=\"async\" class=\"size-full wp-image-634760\" src=\"http:\/\/agpnoticias.com\/news\/wp-content\/uploads\/2014\/07\/Alfredo-Mar\u00edn-centro-con-los-ol\u00edmpicos-Daniel-Corral-y-Jos\u00e9-Reyes-Ronfini.jpg\" alt=\"Alfredo Mar\u00edn (centro) con los ol\u00edmpicos Daniel Corral y Jos\u00e9 Reyes Ronfini\" width=\"759\" height=\"600\" srcset=\"https:\/\/agpnoticias.com\/news\/wp-content\/uploads\/2014\/07\/Alfredo-Mar\u00edn-centro-con-los-ol\u00edmpicos-Daniel-Corral-y-Jos\u00e9-Reyes-Ronfini.jpg 759w, https:\/\/agpnoticias.com\/news\/wp-content\/uploads\/2014\/07\/Alfredo-Mar\u00edn-centro-con-los-ol\u00edmpicos-Daniel-Corral-y-Jos\u00e9-Reyes-Ronfini-200x158.jpg 200w\" sizes=\"(max-width: 759px) 100vw, 759px\" \/><\/a><figcaption id=\"caption-attachment-634760\" class=\"wp-caption-text\">Alfredo Mar\u00edn (centro) con los ol\u00edmpicos Daniel Corral y Jos\u00e9 Reyes Ronfini<\/figcaption><\/figure>\n<p>Ensenada, Baja California.- En espera de soluciones por parte de los gobiernos municipales desde 2004, los promotores de la construcci\u00f3n del Sal\u00f3n de la Fama del Deporte de Ensenada crear\u00e1n una p\u00e1gina web para \u00abempezar a llenarla de memoria\u00bb.<\/p>\n<p>Alfredo Mar\u00edn M\u00e9ndez, fundador de la iniciativa, consider\u00f3 \u00abnecesario ir metiendo tanta informaci\u00f3n hist\u00f3rica del deporte a trav\u00e9s de una p\u00e1gina web y las redes sociales, tan \u00fatiles en estos d\u00edas para difundir proyectos como el nuestro\u00bb.<\/p>\n<p>Estim\u00f3 que en \u00abunas semanas podr\u00eda funcionar el portal con los primeros hechos que enriquezcan lo que ser\u00e1 el Sal\u00f3n de la Fama\u00bb.<\/p>\n<p>Por lo pronto, \u00abya tenemos el comodato de un terreno en el \u00e1rea de juegos a la entrada de Ciudad Deportiva, pero a\u00fan falta cercarlo y empezar a trabajar en la construcci\u00f3n\u00bb.<\/p>\n<p>Tras la falta de atenci\u00f3n por parte de los gobiernos municipales de 2004 a la fecha, Alfredo Mar\u00edn consider\u00f3 que el actual alcalde, Gilberto Hirata Chico, ha mostrado mayor inter\u00e9s y ya est\u00e1n pactadas algunas reuniones.<\/p>\n<p>Tambi\u00e9n agradeci\u00f3 la reuni\u00f3n a la que acudieron algunos de los m\u00e1s destacados atletas en la historia reciente de Ensenada, en junio de 2013, pues \u00abnos ayud\u00f3 a levantarnos de tanta desilusi\u00f3n con las autoridades\u00bb.<\/p>\n<p>\u00abGracias al apoyo de todos esos deportistas importantes para Ensenada se revivi\u00f3 el esp\u00edritu para continuar. Estamos en ello y hay que seguirle. Este proyecto ya es un hecho\u00bb, sostuvo.<\/p>\n","protected":false},"excerpt":{"rendered":"<p>Ensenada, Baja California.- En espera de soluciones por parte de los gobiernos municipales desde 2004,&#8230;<\/p>\n","protected":false},"author":1,"featured_media":634758,"comment_status":"closed","ping_status":"closed","sticky":false,"template":"","format":"standard","meta":{"footnotes":""},"categories":[1,7],"tags":[],"class_list":["post-634752","post","type-post","status-publish","format-standard","has-post-thumbnail","hentry","category-uncategorized","category-deportes"],"_links":{"self":[{"href":"https:\/\/agpnoticias.com\/news\/index.php?rest_route=\/wp\/v2\/posts\/634752","targetHints":{"allow":["GET"]}}],"collection":[{"href":"https:\/\/agpnoticias.com\/news\/index.php?rest_route=\/wp\/v2\/posts"}],"about":[{"href":"https:\/\/agpnoticias.com\/news\/index.php?rest_route=\/wp\/v2\/types\/post"}],"author":[{"embeddable":true,"href":"https:\/\/agpnoticias.com\/news\/index.php?rest_route=\/wp\/v2\/users\/1"}],"replies":[{"embeddable":true,"href":"https:\/\/agpnoticias.com\/news\/index.php?rest_route=%2Fwp%2Fv2%2Fcomments&post=634752"}],"version-history":[{"count":2,"href":"https:\/\/agpnoticias.com\/news\/index.php?rest_route=\/wp\/v2\/posts\/634752\/revisions"}],"predecessor-version":[{"id":636546,"href":"https:\/\/agpnoticias.com\/news\/index.php?rest_route=\/wp\/v2\/posts\/634752\/revisions\/636546"}],"wp:featuredmedia":[{"embeddable":true,"href":"https:\/\/agpnoticias.com\/news\/index.php?rest_route=\/wp\/v2\/media\/634758"}],"wp:attachment":[{"href":"https:\/\/agpnoticias.com\/news\/index.php?rest_route=%2Fwp%2Fv2%2Fmedia&parent=634752"}],"wp:term":[{"taxonomy":"category","embeddable":true,"href":"https:\/\/agpnoticias.com\/news\/index.php?rest_route=%2Fwp%2Fv2%2Fcategories&post=634752"},{"taxonomy":"post_tag","embeddable":true,"href":"https:\/\/agpnoticias.com\/news\/index.php?rest_route=%2Fwp%2Fv2%2Ftags&post=634752"}],"curies":[{"name":"wp","href":"https:\/\/api.w.org\/{rel}","templated":true}]}}