{"id":636340,"date":"2014-07-03T18:27:55","date_gmt":"2014-07-04T01:27:55","guid":{"rendered":"http:\/\/agpnoticias.com\/news\/?p=636340"},"modified":"2014-07-03T20:08:51","modified_gmt":"2014-07-04T03:08:51","slug":"llega-al-car-ensenada-el-plan-vacacional-2014","status":"publish","type":"post","link":"https:\/\/agpnoticias.com\/news\/?p=636340","title":{"rendered":"Llega al CAR Ensenada el \u00abPlan Vacacional 2014\u00bb"},"content":{"rendered":"<figure id=\"attachment_636938\" aria-describedby=\"caption-attachment-636938\" style=\"width: 1000px\" class=\"wp-caption aligncenter\"><a href=\"http:\/\/agpnoticias.com\/news\/?attachment_id=636938\" rel=\"attachment wp-att-636938\"><img fetchpriority=\"high\" decoding=\"async\" class=\"wp-image-636938 size-full\" src=\"http:\/\/agpnoticias.com\/news\/wp-content\/uploads\/2014\/07\/20140703_inde-vacaciones-6.jpg\" alt=\"20140703_inde vacaciones (6)\" width=\"1000\" height=\"666\" srcset=\"https:\/\/agpnoticias.com\/news\/wp-content\/uploads\/2014\/07\/20140703_inde-vacaciones-6.jpg 1000w, https:\/\/agpnoticias.com\/news\/wp-content\/uploads\/2014\/07\/20140703_inde-vacaciones-6-200x133.jpg 200w\" sizes=\"(max-width: 1000px) 100vw, 1000px\" \/><\/a><figcaption id=\"caption-attachment-636938\" class=\"wp-caption-text\">Las inscripciones pueden realizarse en el Centro de Alto Rendimiento de Ensenada<\/figcaption><\/figure>\n<p>Ensenada, Baja California.- Por primera vez el Instituto del Deporte de Baja California (INDE) abrir\u00e1 las puertas del Centro de Alto Rendimiento de Ensenada (CAR) para ser sede del Plan Vacacional 2014.<\/p>\n<p>Del lunes 14 de julio al s\u00e1bado 2 de agosto, ni\u00f1os de los seis a los 13 a\u00f1os de edad podr\u00e1n realizar actividades deportivas, recreativas y art\u00edsticas como voleibol, baloncesto, futbol, handball, atletismo, softbol, artes marciales y ajedrez, entre otras.<\/p>\n<p>\u00abBuscamos que los ni\u00f1os aprovechen su tiempo libre en vacaciones de manera positiva y sana en excelentes instalaciones como las del CAR\u00bb, dijo Teresa Nev\u00e1rez.<\/p>\n<figure id=\"attachment_636968\" aria-describedby=\"caption-attachment-636968\" style=\"width: 320px\" class=\"wp-caption alignright\"><a href=\"http:\/\/agpnoticias.com\/news\/?attachment_id=636968\" rel=\"attachment wp-att-636968\"><img decoding=\"async\" class=\"size-medium wp-image-636968\" src=\"http:\/\/agpnoticias.com\/news\/wp-content\/uploads\/2014\/07\/V\u00edctor-Gonz\u00e1lez-Tere-Nev\u00e1rez-y-Jacqueline-Montes-detallaron-las-actividades-del-curso-de-verano-320x240.jpg\" alt=\"V\u00edctor Gonz\u00e1lez, Tere Nev\u00e1rez y Jacqueline Montes detallaron las actividades del curso de verano\" width=\"320\" height=\"240\" srcset=\"https:\/\/agpnoticias.com\/news\/wp-content\/uploads\/2014\/07\/V\u00edctor-Gonz\u00e1lez-Tere-Nev\u00e1rez-y-Jacqueline-Montes-detallaron-las-actividades-del-curso-de-verano-320x240.jpg 320w, https:\/\/agpnoticias.com\/news\/wp-content\/uploads\/2014\/07\/V\u00edctor-Gonz\u00e1lez-Tere-Nev\u00e1rez-y-Jacqueline-Montes-detallaron-las-actividades-del-curso-de-verano-640x480.jpg 640w\" sizes=\"(max-width: 320px) 100vw, 320px\" \/><\/a><figcaption id=\"caption-attachment-636968\" class=\"wp-caption-text\">V\u00edctor Gonz\u00e1lez, Tere Nev\u00e1rez y Jacqueline Montes detallaron las actividades del curso de verano<\/figcaption><\/figure>\n<p>La directora de actividad f\u00edsica y deporte en el INDE indic\u00f3 que habr\u00e1 cupo limitado para 100 ni\u00f1os en cada una de las cuatro categor\u00edas (6-7 a\u00f1os, 8-9 a\u00f1os, 10-11 a\u00f1os y 12-13 a\u00f1os), por lo que invit\u00f3 a los padres de familia a que asistan a la brevedad para reservar su lugar.<\/p>\n<p>El costo es de 700 pesos y las actividades ser\u00e1n de lunes a viernes de 8:00 a 12:30 horas.<\/p>\n<p>Por su parte, Jacqueline Montes, coordinadora del Plan Vacacional en Ensenada, subray\u00f3 el enfoque l\u00fadico y de recreaci\u00f3n que se les dar\u00e1 a las actividades para que los ni\u00f1os las disfruten y aprendan sin presiones, sobre todo en cuanto a las disciplinas deportivas.<\/p>\n<p>Durante la clausura podr\u00e1n participar los padres de familia en din\u00e1micas junto a sus hijos para que conozcan las instalaciones del CAR.<\/p>\n<p>Las responsables del Plan Vacacional tambi\u00e9n resaltaron la calidad de los instructores, pues ser\u00e1n egresados de la Facultad de Deportes y de las escuelas normales, as\u00ed como atletas de alto rendimiento especializados en cada deporte.<\/p>\n<p>En ese sentido, el delegado del INDE en Ensenada, V\u00edctor Octavio Gonz\u00e1lez, sostuvo que el Plan Vacacional 2014 es la mejor oferta en cuanto a cursos de verano por la capacidad de quienes lo imparten y la calidad de las instalaciones.<\/p>\n<p>Adem\u00e1s, dijo que dentro del proyecto se realizar\u00e1n demostraciones de medallistas de Olimpiada Nacional, para que los ni\u00f1os conozcan el trabajo de los atletas de alto rendimiento.<\/p>\n<p>Tambi\u00e9n habr\u00e1 un seguimiento para detectar a los prospectos de acuerdo a las habilidades que los ni\u00f1os demuestren y sus caracter\u00edsticas f\u00edsicas.<\/p>\n<p>Las inscripciones pueden realizarse en el Centro de Alto Rendimiento de Ensenada, dentro de las instalaciones de Ciudad Deportiva, cuyos tel\u00e9fonos son 120-5735 y 120-5737.<\/p>\n","protected":false},"excerpt":{"rendered":"<p>Ensenada, Baja California.- Por primera vez el Instituto del Deporte de Baja California (INDE) abrir\u00e1&#8230;<\/p>\n","protected":false},"author":1,"featured_media":636938,"comment_status":"closed","ping_status":"closed","sticky":false,"template":"","format":"standard","meta":{"footnotes":""},"categories":[1,73,7],"tags":[],"class_list":["post-636340","post","type-post","status-publish","format-standard","has-post-thumbnail","hentry","category-uncategorized","category-deportebajacalifornia","category-deportes"],"_links":{"self":[{"href":"https:\/\/agpnoticias.com\/news\/index.php?rest_route=\/wp\/v2\/posts\/636340","targetHints":{"allow":["GET"]}}],"collection":[{"href":"https:\/\/agpnoticias.com\/news\/index.php?rest_route=\/wp\/v2\/posts"}],"about":[{"href":"https:\/\/agpnoticias.com\/news\/index.php?rest_route=\/wp\/v2\/types\/post"}],"author":[{"embeddable":true,"href":"https:\/\/agpnoticias.com\/news\/index.php?rest_route=\/wp\/v2\/users\/1"}],"replies":[{"embeddable":true,"href":"https:\/\/agpnoticias.com\/news\/index.php?rest_route=%2Fwp%2Fv2%2Fcomments&post=636340"}],"version-history":[{"count":4,"href":"https:\/\/agpnoticias.com\/news\/index.php?rest_route=\/wp\/v2\/posts\/636340\/revisions"}],"predecessor-version":[{"id":636974,"href":"https:\/\/agpnoticias.com\/news\/index.php?rest_route=\/wp\/v2\/posts\/636340\/revisions\/636974"}],"wp:featuredmedia":[{"embeddable":true,"href":"https:\/\/agpnoticias.com\/news\/index.php?rest_route=\/wp\/v2\/media\/636938"}],"wp:attachment":[{"href":"https:\/\/agpnoticias.com\/news\/index.php?rest_route=%2Fwp%2Fv2%2Fmedia&parent=636340"}],"wp:term":[{"taxonomy":"category","embeddable":true,"href":"https:\/\/agpnoticias.com\/news\/index.php?rest_route=%2Fwp%2Fv2%2Fcategories&post=636340"},{"taxonomy":"post_tag","embeddable":true,"href":"https:\/\/agpnoticias.com\/news\/index.php?rest_route=%2Fwp%2Fv2%2Ftags&post=636340"}],"curies":[{"name":"wp","href":"https:\/\/api.w.org\/{rel}","templated":true}]}}