{"id":636509,"date":"2014-07-03T19:01:32","date_gmt":"2014-07-04T02:01:32","guid":{"rendered":"http:\/\/agpnoticias.com\/news\/?p=636509"},"modified":"2014-07-03T20:07:09","modified_gmt":"2014-07-04T03:07:09","slug":"eder-y-jesus-andres-en-camino-a-espana","status":"publish","type":"post","link":"https:\/\/agpnoticias.com\/news\/?p=636509","title":{"rendered":"Eder y Jes\u00fas Andr\u00e9s en camino a Espa\u00f1a"},"content":{"rendered":"<figure id=\"attachment_637035\" aria-describedby=\"caption-attachment-637035\" style=\"width: 800px\" class=\"wp-caption aligncenter\"><a href=\"http:\/\/agpnoticias.com\/news\/?attachment_id=637035\" rel=\"attachment wp-att-637035\"><img fetchpriority=\"high\" decoding=\"async\" class=\"size-full wp-image-637035\" src=\"http:\/\/agpnoticias.com\/news\/wp-content\/uploads\/2014\/07\/Eder-M\u00e1rquez-y-Jes\u00fas-Andr\u00e9s-P\u00e9rez-son-dos-de-los-12-mexicanos-reclutados-Rumbo-a-la-Liga.jpg\" alt=\"Eder M\u00e1rquez y Jes\u00fas Andr\u00e9s P\u00e9rez son dos de los 12 mexicanos reclutados Rumbo a la Liga\" width=\"800\" height=\"530\" srcset=\"https:\/\/agpnoticias.com\/news\/wp-content\/uploads\/2014\/07\/Eder-M\u00e1rquez-y-Jes\u00fas-Andr\u00e9s-P\u00e9rez-son-dos-de-los-12-mexicanos-reclutados-Rumbo-a-la-Liga.jpg 800w, https:\/\/agpnoticias.com\/news\/wp-content\/uploads\/2014\/07\/Eder-M\u00e1rquez-y-Jes\u00fas-Andr\u00e9s-P\u00e9rez-son-dos-de-los-12-mexicanos-reclutados-Rumbo-a-la-Liga-200x132.jpg 200w\" sizes=\"(max-width: 800px) 100vw, 800px\" \/><\/a><figcaption id=\"caption-attachment-637035\" class=\"wp-caption-text\">Eder M\u00e1rquez y Jes\u00fas Andr\u00e9s P\u00e9rez son dos de los 12 mexicanos reclutados Rumbo a la Liga<\/figcaption><\/figure>\n<p>Ensenada, Baja California.- De los 4 mil 500 jugadores que Chucho Ram\u00edrez observ\u00f3 por todo M\u00e9xico s\u00f3lo 12 llegar\u00e1n a la meta final, al sue\u00f1o de permanecer durante dos semanas en las instalaciones del Real Madrid como parte del proyecto Rumbo a Liga BBVA.<\/p>\n<figure id=\"attachment_636973\" aria-describedby=\"caption-attachment-636973\" style=\"width: 260px\" class=\"wp-caption alignleft\"><a href=\"http:\/\/agpnoticias.com\/news\/?attachment_id=636973\" rel=\"attachment wp-att-636973\"><img decoding=\"async\" class=\"size-full wp-image-636973\" src=\"http:\/\/agpnoticias.com\/news\/wp-content\/uploads\/2014\/07\/20140703_pavel-2-e1404443018625.jpg\" alt=\"Jes\u00fas Andr\u00e9s P\u00e9rez\" width=\"260\" height=\"362\" \/><\/a><figcaption id=\"caption-attachment-636973\" class=\"wp-caption-text\">Jes\u00fas Andr\u00e9s P\u00e9rez<\/figcaption><\/figure>\n<p>Y de esos 12 futbolistas, dos son de Ensenada: Eder M\u00e1rquez Perea y Jes\u00fas Andr\u00e9s P\u00e9rez, quienes se trasladar\u00e1n a la capital espa\u00f1ola el s\u00e1bado 5 de julio.<\/p>\n<p>\u00abLos dos forman parte de nuestra escuela de Real Azteca. Eder lleg\u00f3 con nosotros desde que ten\u00eda seis a\u00f1os y Jes\u00fas Andr\u00e9s, el G\u00fcero, fue detectado por el Programa Vive con Sentido en una colonia de Ensenada como en 2007\u00bb, inform\u00f3 Pavel Alvarado Ojeda.<\/p>\n<p>El director de Real Azteca precis\u00f3 que Eder M\u00e1rquez \u00abes un defensa central con buena salida y t\u00e9cnica, adem\u00e1s de din\u00e1mica\u00bb.<\/p>\n<p>Mientras que Jes\u00fas Andr\u00e9s \u00abes el \u00fanico nacido en 2000, ya que el resto son nacidos en 1999, pero Chucho lo incluy\u00f3 por su calidad y la proyecci\u00f3n que tiene como delantero\u00bb.<\/p>\n<p>Pavel Alvarado record\u00f3 que otros dos ensenadenses, Juan Carlos Lucero y Jos\u00e9 Luis Fisher, ya vivieron la experiencia de ser reclutados por el proyecto en a\u00f1os anteriores.<\/p>\n<p>\u00abEs un orgullo para nuestro club seguir colaborando para que estos futbolistas cumplan sus sue\u00f1os y traten de quedarse con alg\u00fan equipo all\u00e1 en Espa\u00f1a\u00bb, apunt\u00f3 sobre la cancha conocida como Real Madrid Ensenada.<\/p>\n<p><strong>Eder y Jes\u00fas Andr\u00e9s<\/strong><\/p>\n<p>Eder M\u00e1rquez es hijo de uno de los entrenadores con mayor reconocimiento en el futbol universitario en Baja California, Juan M\u00e1rquez.<\/p>\n<p>Y de inmediato, aun siendo un ni\u00f1o, empez\u00f3 a destacar, siempre como jugador de Real Azteca.<\/p>\n<figure id=\"attachment_636977\" aria-describedby=\"caption-attachment-636977\" style=\"width: 260px\" class=\"wp-caption alignright\"><a href=\"http:\/\/agpnoticias.com\/news\/?attachment_id=636977\" rel=\"attachment wp-att-636977\"><img decoding=\"async\" class=\"size-full wp-image-636977\" src=\"http:\/\/agpnoticias.com\/news\/wp-content\/uploads\/2014\/07\/20140703_pavel-9-e1404443061434.jpg\" alt=\"Eder M\u00e1rquez Perea \" width=\"260\" height=\"349\" \/><\/a><figcaption id=\"caption-attachment-636977\" class=\"wp-caption-text\">Eder M\u00e1rquez Perea<\/figcaption><\/figure>\n<p>El hecho de viajar a Espa\u00f1a en busca de consolidar una carrera dentro del futbol \u00abes recompensa al esfuerzo de venir a entrenar todos los d\u00edas\u00bb.<\/p>\n<p>\u00abEstoy muy emocionado de llegar all\u00e1 para dar todo lo que tengo y si nos dan la oportunidad de quedarnos all\u00e1 hay que aprovecharla ech\u00e1ndole ganas, y si no buscar otros lugares para tratar de hacer una trayectoria dentro del futbol profesional\u00bb, coment\u00f3.<\/p>\n<p>Eder se describi\u00f3 como \u00abun defensa central que juega agresivo\u00bb y cuya principal caracter\u00edstica es \u00abdar todo en la cancha\u00bb.<\/p>\n<p>El jugador al que admira dentro de su posici\u00f3n es el seleccionado espa\u00f1ol de Real Madrid, Sergio Ramos.<\/p>\n<p>Por su parte, Jes\u00fas Andr\u00e9s P\u00e9rez dijo sentirse seguro de aprovechar la oportunidad que se le ha presentado con el viaje a Espa\u00f1a.<\/p>\n<p>\u00abSignifica mucho para m\u00ed, una gran oportunidad que soy capaz de \u00a0aprovechar para llegar lejos. Pienso jugar futbol profesional, me ha ido muy bien en tres a\u00f1os que tengo jugando y s\u00e9 que estoy hecho para esto\u00bb, expres\u00f3.<\/p>\n<p>En la cancha, \u00abpienso con el bal\u00f3n y sin \u00e9l, soy veloz y puedo encarar, burlar; tambi\u00e9n tengo capacidad para anotar, definici\u00f3n de tres cuartos para adelante\u00bb.<\/p>\n<p>A la hora de escoger modelos de futbolistas internacionales con los que se identifica y a los que admira, Jes\u00fas Andr\u00e9s no la piensa dos veces: \u00abMessi\u00bb. \u00abLe voy al Barcelona\u00bb, apunt\u00f3.<\/p>\n<figure id=\"attachment_637039\" aria-describedby=\"caption-attachment-637039\" style=\"width: 800px\" class=\"wp-caption aligncenter\"><a href=\"http:\/\/agpnoticias.com\/news\/?attachment_id=637039\" rel=\"attachment wp-att-637039\"><img loading=\"lazy\" decoding=\"async\" class=\"size-full wp-image-637039\" src=\"http:\/\/agpnoticias.com\/news\/wp-content\/uploads\/2014\/07\/Eder-y-Jes\u00fas-Andr\u00e9s-forman-parte-del-equipo-Real-Azteca.jpg\" alt=\"Eder y Jes\u00fas Andr\u00e9s forman parte del equipo Real Azteca\" width=\"800\" height=\"578\" srcset=\"https:\/\/agpnoticias.com\/news\/wp-content\/uploads\/2014\/07\/Eder-y-Jes\u00fas-Andr\u00e9s-forman-parte-del-equipo-Real-Azteca.jpg 800w, https:\/\/agpnoticias.com\/news\/wp-content\/uploads\/2014\/07\/Eder-y-Jes\u00fas-Andr\u00e9s-forman-parte-del-equipo-Real-Azteca-200x144.jpg 200w\" sizes=\"(max-width: 800px) 100vw, 800px\" \/><\/a><figcaption id=\"caption-attachment-637039\" class=\"wp-caption-text\">Eder y Jes\u00fas Andr\u00e9s forman parte del equipo Real Azteca<\/figcaption><\/figure>\n","protected":false},"excerpt":{"rendered":"<p>Ensenada, Baja California.- De los 4 mil 500 jugadores que Chucho Ram\u00edrez observ\u00f3 por todo&#8230;<\/p>\n","protected":false},"author":1,"featured_media":637061,"comment_status":"closed","ping_status":"closed","sticky":false,"template":"","format":"standard","meta":{"footnotes":""},"categories":[1,7,32],"tags":[],"class_list":["post-636509","post","type-post","status-publish","format-standard","has-post-thumbnail","hentry","category-uncategorized","category-deportes","category-soccer"],"_links":{"self":[{"href":"https:\/\/agpnoticias.com\/news\/index.php?rest_route=\/wp\/v2\/posts\/636509","targetHints":{"allow":["GET"]}}],"collection":[{"href":"https:\/\/agpnoticias.com\/news\/index.php?rest_route=\/wp\/v2\/posts"}],"about":[{"href":"https:\/\/agpnoticias.com\/news\/index.php?rest_route=\/wp\/v2\/types\/post"}],"author":[{"embeddable":true,"href":"https:\/\/agpnoticias.com\/news\/index.php?rest_route=\/wp\/v2\/users\/1"}],"replies":[{"embeddable":true,"href":"https:\/\/agpnoticias.com\/news\/index.php?rest_route=%2Fwp%2Fv2%2Fcomments&post=636509"}],"version-history":[{"count":4,"href":"https:\/\/agpnoticias.com\/news\/index.php?rest_route=\/wp\/v2\/posts\/636509\/revisions"}],"predecessor-version":[{"id":637042,"href":"https:\/\/agpnoticias.com\/news\/index.php?rest_route=\/wp\/v2\/posts\/636509\/revisions\/637042"}],"wp:featuredmedia":[{"embeddable":true,"href":"https:\/\/agpnoticias.com\/news\/index.php?rest_route=\/wp\/v2\/media\/637061"}],"wp:attachment":[{"href":"https:\/\/agpnoticias.com\/news\/index.php?rest_route=%2Fwp%2Fv2%2Fmedia&parent=636509"}],"wp:term":[{"taxonomy":"category","embeddable":true,"href":"https:\/\/agpnoticias.com\/news\/index.php?rest_route=%2Fwp%2Fv2%2Fcategories&post=636509"},{"taxonomy":"post_tag","embeddable":true,"href":"https:\/\/agpnoticias.com\/news\/index.php?rest_route=%2Fwp%2Fv2%2Ftags&post=636509"}],"curies":[{"name":"wp","href":"https:\/\/api.w.org\/{rel}","templated":true}]}}