{"id":638318,"date":"2014-07-03T20:35:17","date_gmt":"2014-07-04T03:35:17","guid":{"rendered":"http:\/\/agpnoticias.com\/news\/?p=638318"},"modified":"2015-02-09T19:40:57","modified_gmt":"2015-02-10T03:40:57","slug":"diario-hasta-la-final-dia-22","status":"publish","type":"post","link":"https:\/\/agpnoticias.com\/news\/?p=638318","title":{"rendered":"DIARIO HASTA LA FINAL (D\u00eda 22)"},"content":{"rendered":"<p><strong>Por Marco Antonio Dom\u00ednguez Niebla<\/strong><\/p>\n<p><strong>Refugiados en la memoria.<\/strong> Son emociones pasajeras. Dif\u00edcilmente, as\u00ed de primera, cualquiera podr\u00eda mencionar lo de\u00a0hace cuatro a\u00f1os. Menos lo de hace ocho o doce o diecis\u00e9is. Se vive con intensidad, se sufre incluso frente al televisor. Pero finalizado el juego, a otra cosa. Es m\u00e1s, vaya esto como un desaf\u00edo para los expertos en mundiales. En realidad, pregunto, alguien recuerda\u00a0en qu\u00e9 instancia fue el Holanda-Brasil de 98 o el Espa\u00f1a-Alemania de 2010 o el Argentina-Italia del 90. Casualmente, y lo acabo de comprobar (eso del Youtube es una maravilla), todos esos juegos fueron en semifinales de copas del mundo. Pero sobre todas esas series en ruta a la final,\u00a0hay dos que siguen ah\u00ed arraigadas\u00a0en la memoria.\u00a0La primera fue en 82 y ya escrib\u00ed de ese cap\u00edtulo\u00a0algunos d\u00edas atr\u00e1s. De un lado estaba Platini con el peque\u00f1o Giresse y Tigana. Del otro estaban Rumenigge y el portero Schumacher que clav\u00f3 su cadera en el rostro del franc\u00e9s Battiston hasta enviarlo a las regaderas sin conciencia y sin dentadura. Terminaron 1-1 el primer tiempo y as\u00ed terminaron tambi\u00e9n los 90 minutos. De ah\u00ed vino lo mejor. Francia se puso 3-1 en el primer tiempo extra, pero los alemanes empataron a tres para m\u00e1s tarde ganar en penales. Lo mejor que he visto en mundiales, sin duda. Y no es que la nostalgia nuble la raz\u00f3n. No, ya ten\u00eda diez a\u00f1os, suficientes para razonar y colocar en su justa dimensi\u00f3n aquel choque trenes. Iba con Francia y sufr\u00ed por Francia. Y entonces entend\u00ed que en esto del futbol, la \u00fanica patria que existe es la que dicta el sentimiento frente a una forma de jugar transmitida, en ese caso, desde el S\u00e1nchez Pizjuan de Sevilla hasta casa de la t\u00eda Silvia en Los \u00c1ngeles, California, donde ve\u00eda ese juego \u00e9pico durante las vacaciones veraniegas del 82. El segundo gran juego de mundiales, y no por haber sido un dechado de espect\u00e1culo y virtudes sino porque fue el show de un solo hombre, lo viv\u00ed cuatro a\u00f1os m\u00e1s tarde, en el televisor de la rec\u00e1mara que compart\u00eda con mis hermanos. Eso no fue Argentina-B\u00e9lgica. Fue mucho m\u00e1s que eso. Fue la cumbre del mejor jugador nacido sobre la faz de la tierra. Si, los m\u00e1s viejos que yo (que ya es decir) dir\u00e1n que fue Pel\u00e9 en el 70. Y tal vez lo digan con ciertas bases, sus bases. Pero yo no lo creo. Es m\u00e1s, soy esc\u00e9ptico. Yo a Diego s\u00ed lo vi. Tal vez porque ten\u00eda 14\u00a0(esa etapa en la que cualquier descubrimiento se magnifica), pero no creo, de verdad no creo que nadie haya sido mejor antes que \u00e9l, como no creo que nadie haya sido mejor despu\u00e9s de \u00e9l. Pum, pum, dos tiros (sobra decir que mediante dos jugadas de las que acostumbraba hacer, geniales). Y hasta ah\u00ed la historia de los belgas sentenciados por el 10, el m\u00e1s grande de todos. Esas dos, la de los alemanes acabando al l\u00edmite contra los franceses en 82 y la de Diego en la cumbre de grandeza echando a B\u00e9lgica en 86 son los\u00a0cap\u00edtulos que no olvido ni olvidar\u00e9. Qui\u00e9n dijera que 32 a\u00f1os despu\u00e9s volver\u00e9 a ver a alemanes y franceses jug\u00e1ndose la vida en duelo a muerte, o que otro gran 10 argentino pueda siquiera hacer sombra al otro gran 10 y precisamente contra los belgas despu\u00e9s de 28. A ver c\u00f3mo lo hacen ahora. Ya no son semifinales. Son cuartos. Por cierto, tambi\u00e9n van Brasil contra Colombia y Holanda contra Costa Rica. De esos cuatro las emociones han sido m\u00e1s bien pasajeras.<\/p>\n","protected":false},"excerpt":{"rendered":"<p>Por Marco Antonio Dom\u00ednguez Niebla Refugiados en la memoria. Son emociones pasajeras. Dif\u00edcilmente, as\u00ed de&#8230;<\/p>\n","protected":false},"author":9,"featured_media":638382,"comment_status":"closed","ping_status":"closed","sticky":false,"template":"","format":"standard","meta":{"footnotes":""},"categories":[1,141,7,98],"tags":[],"class_list":["post-638318","post","type-post","status-publish","format-standard","has-post-thumbnail","hentry","category-uncategorized","category-columnas","category-deportes","category-diario-hasta-la-final"],"_links":{"self":[{"href":"https:\/\/agpnoticias.com\/news\/index.php?rest_route=\/wp\/v2\/posts\/638318","targetHints":{"allow":["GET"]}}],"collection":[{"href":"https:\/\/agpnoticias.com\/news\/index.php?rest_route=\/wp\/v2\/posts"}],"about":[{"href":"https:\/\/agpnoticias.com\/news\/index.php?rest_route=\/wp\/v2\/types\/post"}],"author":[{"embeddable":true,"href":"https:\/\/agpnoticias.com\/news\/index.php?rest_route=\/wp\/v2\/users\/9"}],"replies":[{"embeddable":true,"href":"https:\/\/agpnoticias.com\/news\/index.php?rest_route=%2Fwp%2Fv2%2Fcomments&post=638318"}],"version-history":[{"count":7,"href":"https:\/\/agpnoticias.com\/news\/index.php?rest_route=\/wp\/v2\/posts\/638318\/revisions"}],"predecessor-version":[{"id":641464,"href":"https:\/\/agpnoticias.com\/news\/index.php?rest_route=\/wp\/v2\/posts\/638318\/revisions\/641464"}],"wp:featuredmedia":[{"embeddable":true,"href":"https:\/\/agpnoticias.com\/news\/index.php?rest_route=\/wp\/v2\/media\/638382"}],"wp:attachment":[{"href":"https:\/\/agpnoticias.com\/news\/index.php?rest_route=%2Fwp%2Fv2%2Fmedia&parent=638318"}],"wp:term":[{"taxonomy":"category","embeddable":true,"href":"https:\/\/agpnoticias.com\/news\/index.php?rest_route=%2Fwp%2Fv2%2Fcategories&post=638318"},{"taxonomy":"post_tag","embeddable":true,"href":"https:\/\/agpnoticias.com\/news\/index.php?rest_route=%2Fwp%2Fv2%2Ftags&post=638318"}],"curies":[{"name":"wp","href":"https:\/\/api.w.org\/{rel}","templated":true}]}}