{"id":638947,"date":"2014-07-04T02:51:58","date_gmt":"2014-07-04T09:51:58","guid":{"rendered":"http:\/\/agpnoticias.com\/news\/?p=638947"},"modified":"2014-07-04T02:55:45","modified_gmt":"2014-07-04T09:55:45","slug":"xolos-por-el-tercer-lugar-de-copa-tijuana-dorados-si-va-a-la-final","status":"publish","type":"post","link":"https:\/\/agpnoticias.com\/news\/?p=638947","title":{"rendered":"Xolos por el tercer lugar de Copa Tijuana; Dorados s\u00ed va a la final"},"content":{"rendered":"<figure id=\"attachment_638959\" aria-describedby=\"caption-attachment-638959\" style=\"width: 800px\" class=\"wp-caption aligncenter\"><a href=\"http:\/\/agpnoticias.com\/news\/?attachment_id=638959\" rel=\"attachment wp-att-638959\"><img fetchpriority=\"high\" decoding=\"async\" class=\"size-full wp-image-638959\" src=\"http:\/\/agpnoticias.com\/news\/wp-content\/uploads\/2014\/07\/Defensa-y-Justicia-venci\u00f3-a-Tijuana-en-penales.jpg\" alt=\"Defensa y Justicia venci\u00f3 a Tijuana en penales\" width=\"800\" height=\"600\" srcset=\"https:\/\/agpnoticias.com\/news\/wp-content\/uploads\/2014\/07\/Defensa-y-Justicia-venci\u00f3-a-Tijuana-en-penales.jpg 800w, https:\/\/agpnoticias.com\/news\/wp-content\/uploads\/2014\/07\/Defensa-y-Justicia-venci\u00f3-a-Tijuana-en-penales-200x150.jpg 200w, https:\/\/agpnoticias.com\/news\/wp-content\/uploads\/2014\/07\/Defensa-y-Justicia-venci\u00f3-a-Tijuana-en-penales-320x240.jpg 320w, https:\/\/agpnoticias.com\/news\/wp-content\/uploads\/2014\/07\/Defensa-y-Justicia-venci\u00f3-a-Tijuana-en-penales-640x480.jpg 640w\" sizes=\"(max-width: 800px) 100vw, 800px\" \/><\/a><figcaption id=\"caption-attachment-638959\" class=\"wp-caption-text\">Defensa y Justicia venci\u00f3 a Tijuana en penales<\/figcaption><\/figure>\n<p>Tijuana, Baja California.- Los locales Xoloitzcuintles de Tijuana no podr\u00e1n jugar la final de la Copa Tijuana.<\/p>\n<figure id=\"attachment_638967\" aria-describedby=\"caption-attachment-638967\" style=\"width: 200px\" class=\"wp-caption alignright\"><a href=\"http:\/\/agpnoticias.com\/news\/?attachment_id=638967\" rel=\"attachment wp-att-638967\"><img decoding=\"async\" class=\"size-thumbnail wp-image-638967\" src=\"http:\/\/agpnoticias.com\/news\/wp-content\/uploads\/2014\/07\/Los-Xolos-perdieron-en-penales-200x150.jpg\" alt=\"Los Xolos perdieron en penales\" width=\"200\" height=\"150\" srcset=\"https:\/\/agpnoticias.com\/news\/wp-content\/uploads\/2014\/07\/Los-Xolos-perdieron-en-penales-200x150.jpg 200w, https:\/\/agpnoticias.com\/news\/wp-content\/uploads\/2014\/07\/Los-Xolos-perdieron-en-penales-320x240.jpg 320w, https:\/\/agpnoticias.com\/news\/wp-content\/uploads\/2014\/07\/Los-Xolos-perdieron-en-penales-640x480.jpg 640w, https:\/\/agpnoticias.com\/news\/wp-content\/uploads\/2014\/07\/Los-Xolos-perdieron-en-penales.jpg 800w\" sizes=\"(max-width: 200px) 100vw, 200px\" \/><\/a><figcaption id=\"caption-attachment-638967\" class=\"wp-caption-text\">Los Xolos perdieron en penales<\/figcaption><\/figure>\n<p>En el juego que entreg\u00f3 a uno de los finalistas, el equipo argentino Defensa y Justicia sac\u00f3 el triunfo en penales luego del empate a uno durante los 90 minutos.<\/p>\n<p>Dami\u00e1n Mart\u00ednez hizo un golazo para adelantar a la visita cuando se jugaba el primer cuarto de hora del partido disputado en el Estadio Caliente.<\/p>\n<p>Y poco m\u00e1s tarde, Dar\u00edo Benedetto aprovech\u00f3 un error en defensa para empatar el marcador.<\/p>\n<p>En la serie de penales los Xolos fallaron sus tres env\u00edos cobrados por Cristian Pellerano, Israel Jim\u00e9nez y Paul Arriola, mientras que los argentinos convirtieron tres de sus cuatro cobros.<\/p>\n<figure id=\"attachment_638969\" aria-describedby=\"caption-attachment-638969\" style=\"width: 200px\" class=\"wp-caption alignleft\"><a href=\"http:\/\/agpnoticias.com\/news\/?attachment_id=638969\" rel=\"attachment wp-att-638969\"><img decoding=\"async\" class=\"size-thumbnail wp-image-638969\" src=\"http:\/\/agpnoticias.com\/news\/wp-content\/uploads\/2014\/07\/Dorados-venci\u00f3-a-Leones-Negros-200x133.jpg\" alt=\"Dorados venci\u00f3 a Leones Negros\" width=\"200\" height=\"133\" srcset=\"https:\/\/agpnoticias.com\/news\/wp-content\/uploads\/2014\/07\/Dorados-venci\u00f3-a-Leones-Negros-200x133.jpg 200w, https:\/\/agpnoticias.com\/news\/wp-content\/uploads\/2014\/07\/Dorados-venci\u00f3-a-Leones-Negros.jpg 800w\" sizes=\"(max-width: 200px) 100vw, 200px\" \/><\/a><figcaption id=\"caption-attachment-638969\" class=\"wp-caption-text\">Dorados venci\u00f3 a Leones Negros<\/figcaption><\/figure>\n<p>El ganador del otro juego y rival de Defensa y Justicia el pr\u00f3ximo s\u00e1bado ser\u00e1 Dorados de Sinaloa, que venci\u00f3 a Leones Negros de la U. de G. por 3-1.<\/p>\n<p>Los tapat\u00edos tomaron la ventaja con gol de \u00c9dgar Gonz\u00e1lez, pero Leonardo Bedolla y Diego Mej\u00eda en par de ocasiones sentenciaron la victoria sinaloense.<\/p>\n<p>El juego por el tercer lugar entre Xolos y Leones Negros se disputar\u00e1 el s\u00e1bado a las 18:00 horas en el Estadio Caliente.<\/p>\n<p>Dorados y Defensa y Justicia se enfrentar\u00e1n dos horas m\u00e1s tarde en la final.<\/p>\n<figure id=\"attachment_638971\" aria-describedby=\"caption-attachment-638971\" style=\"width: 800px\" class=\"wp-caption aligncenter\"><a href=\"http:\/\/agpnoticias.com\/news\/?attachment_id=638971\" rel=\"attachment wp-att-638971\"><img loading=\"lazy\" decoding=\"async\" class=\"size-full wp-image-638971\" src=\"http:\/\/agpnoticias.com\/news\/wp-content\/uploads\/2014\/07\/Dar\u00edo-Benedetto-hizo-el-gol-de-Xolos.jpg\" alt=\"Dar\u00edo Benedetto hizo el gol de Xolos\" width=\"800\" height=\"600\" srcset=\"https:\/\/agpnoticias.com\/news\/wp-content\/uploads\/2014\/07\/Dar\u00edo-Benedetto-hizo-el-gol-de-Xolos.jpg 800w, https:\/\/agpnoticias.com\/news\/wp-content\/uploads\/2014\/07\/Dar\u00edo-Benedetto-hizo-el-gol-de-Xolos-200x150.jpg 200w, https:\/\/agpnoticias.com\/news\/wp-content\/uploads\/2014\/07\/Dar\u00edo-Benedetto-hizo-el-gol-de-Xolos-320x240.jpg 320w, https:\/\/agpnoticias.com\/news\/wp-content\/uploads\/2014\/07\/Dar\u00edo-Benedetto-hizo-el-gol-de-Xolos-640x480.jpg 640w\" sizes=\"(max-width: 800px) 100vw, 800px\" \/><\/a><figcaption id=\"caption-attachment-638971\" class=\"wp-caption-text\">Dar\u00edo Benedetto hizo el gol de Xolos<\/figcaption><\/figure>\n<p><em>Informaci\u00f3n y fotograf\u00edas: Club Tijuana Xoloitzcuintles de Caliente.<\/em><\/p>\n","protected":false},"excerpt":{"rendered":"<p>Tijuana, Baja California.- Los locales Xoloitzcuintles de Tijuana no podr\u00e1n jugar la final de la&#8230;<\/p>\n","protected":false},"author":1,"featured_media":638959,"comment_status":"closed","ping_status":"closed","sticky":false,"template":"","format":"standard","meta":{"footnotes":""},"categories":[1,7,32,17],"tags":[],"class_list":["post-638947","post","type-post","status-publish","format-standard","has-post-thumbnail","hentry","category-uncategorized","category-deportes","category-soccer","category-xolos-de-tijuana"],"_links":{"self":[{"href":"https:\/\/agpnoticias.com\/news\/index.php?rest_route=\/wp\/v2\/posts\/638947","targetHints":{"allow":["GET"]}}],"collection":[{"href":"https:\/\/agpnoticias.com\/news\/index.php?rest_route=\/wp\/v2\/posts"}],"about":[{"href":"https:\/\/agpnoticias.com\/news\/index.php?rest_route=\/wp\/v2\/types\/post"}],"author":[{"embeddable":true,"href":"https:\/\/agpnoticias.com\/news\/index.php?rest_route=\/wp\/v2\/users\/1"}],"replies":[{"embeddable":true,"href":"https:\/\/agpnoticias.com\/news\/index.php?rest_route=%2Fwp%2Fv2%2Fcomments&post=638947"}],"version-history":[{"count":3,"href":"https:\/\/agpnoticias.com\/news\/index.php?rest_route=\/wp\/v2\/posts\/638947\/revisions"}],"predecessor-version":[{"id":639009,"href":"https:\/\/agpnoticias.com\/news\/index.php?rest_route=\/wp\/v2\/posts\/638947\/revisions\/639009"}],"wp:featuredmedia":[{"embeddable":true,"href":"https:\/\/agpnoticias.com\/news\/index.php?rest_route=\/wp\/v2\/media\/638959"}],"wp:attachment":[{"href":"https:\/\/agpnoticias.com\/news\/index.php?rest_route=%2Fwp%2Fv2%2Fmedia&parent=638947"}],"wp:term":[{"taxonomy":"category","embeddable":true,"href":"https:\/\/agpnoticias.com\/news\/index.php?rest_route=%2Fwp%2Fv2%2Fcategories&post=638947"},{"taxonomy":"post_tag","embeddable":true,"href":"https:\/\/agpnoticias.com\/news\/index.php?rest_route=%2Fwp%2Fv2%2Ftags&post=638947"}],"curies":[{"name":"wp","href":"https:\/\/api.w.org\/{rel}","templated":true}]}}