{"id":653539,"date":"2014-07-05T22:59:05","date_gmt":"2014-07-06T05:59:05","guid":{"rendered":"http:\/\/agpnoticias.com\/news\/?p=653539"},"modified":"2014-07-05T22:59:05","modified_gmt":"2014-07-06T05:59:05","slug":"xolos-queda-tercero-en-copa-tijuana-dorados-campeon","status":"publish","type":"post","link":"https:\/\/agpnoticias.com\/news\/?p=653539","title":{"rendered":"Xolos queda tercero en Copa Tijuana; Dorados, campe\u00f3n"},"content":{"rendered":"<figure id=\"attachment_653555\" aria-describedby=\"caption-attachment-653555\" style=\"width: 800px\" class=\"wp-caption aligncenter\"><a href=\"http:\/\/agpnoticias.com\/news\/?attachment_id=653555\" rel=\"attachment wp-att-653555\"><img fetchpriority=\"high\" decoding=\"async\" class=\"size-full wp-image-653555\" src=\"http:\/\/agpnoticias.com\/news\/wp-content\/uploads\/2014\/07\/Xolos-qued\u00f3-en-tercer-lugar-de-la-Copa-Tijuana.jpg\" alt=\"Xolos qued\u00f3 en tercer lugar de la Copa Tijuana\" width=\"800\" height=\"533\" srcset=\"https:\/\/agpnoticias.com\/news\/wp-content\/uploads\/2014\/07\/Xolos-qued\u00f3-en-tercer-lugar-de-la-Copa-Tijuana.jpg 800w, https:\/\/agpnoticias.com\/news\/wp-content\/uploads\/2014\/07\/Xolos-qued\u00f3-en-tercer-lugar-de-la-Copa-Tijuana-200x133.jpg 200w\" sizes=\"(max-width: 800px) 100vw, 800px\" \/><\/a><figcaption id=\"caption-attachment-653555\" class=\"wp-caption-text\">Xolos qued\u00f3 en tercer lugar de la Copa Tijuana<\/figcaption><\/figure>\n<p>Tijuana, Baja California.- El Club Tijuana Xoloitzcuintles de Caliente encar\u00f3 la segunda fase de la Copa Tijuana este s\u00e1bado 5 de julio en el Estadio Caliente, en donde los dirigidos por C\u00e9sar Far\u00edas consiguieron el tercer lugar de la competencia tras vencer a Leones Negros 1-0.<\/p>\n<figure id=\"attachment_653559\" aria-describedby=\"caption-attachment-653559\" style=\"width: 320px\" class=\"wp-caption alignright\"><a href=\"http:\/\/agpnoticias.com\/news\/?attachment_id=653559\" rel=\"attachment wp-att-653559\"><img decoding=\"async\" class=\"size-medium wp-image-653559\" src=\"http:\/\/agpnoticias.com\/news\/wp-content\/uploads\/2014\/07\/El-conjunto-local-venci\u00f3-a-Leones-Negros-320x240.jpg\" alt=\"El conjunto local venci\u00f3 a Leones Negros\" width=\"320\" height=\"240\" srcset=\"https:\/\/agpnoticias.com\/news\/wp-content\/uploads\/2014\/07\/El-conjunto-local-venci\u00f3-a-Leones-Negros-320x240.jpg 320w, https:\/\/agpnoticias.com\/news\/wp-content\/uploads\/2014\/07\/El-conjunto-local-venci\u00f3-a-Leones-Negros-200x150.jpg 200w, https:\/\/agpnoticias.com\/news\/wp-content\/uploads\/2014\/07\/El-conjunto-local-venci\u00f3-a-Leones-Negros-640x480.jpg 640w, https:\/\/agpnoticias.com\/news\/wp-content\/uploads\/2014\/07\/El-conjunto-local-venci\u00f3-a-Leones-Negros.jpg 800w\" sizes=\"(max-width: 320px) 100vw, 320px\" \/><\/a><figcaption id=\"caption-attachment-653559\" class=\"wp-caption-text\">El conjunto local venci\u00f3 a Leones Negros<\/figcaption><\/figure>\n<p>La gran final se disput\u00f3 entre Dorados de Sinaloa ante Club Social y Deportivo Defensa y Justicia y fue el equipo de Sinaloa quien se qued\u00f3 con el primer lugar de la segunda edici\u00f3n de la Copa Tijuana, en un partido que concluy\u00f3 2 goles por cero ante Club Social y Deportivo Defensa y Justicia.<\/p>\n<p>Diego Mej\u00eda anot\u00f3 al &#8217;33 y Guillermo Rojas al &#8217;40 fueron los elementos que marcaron los dos goles de la final.<\/p>\n<p>Por parte de la escuadra Rojinegra, fue el elemento Luis Ch\u00e1vez quien marc\u00f3 el gol de la victoria. El juvenil marc\u00f3 el gol al minuto &#8217;85 tras sacar un impresionante zurdazo que qued\u00f3 fuera del alcance del arquero Humberto Hern\u00e1ndez para as\u00ed impactarse en el poste superior del arco y consecuentemente entrar a la porter\u00eda de Leones Negros.<\/p>\n<p>Los Xoloitzcuintles enfrentaron a Leones Negros tras empatar ante la escuadra argentina en el primer duelo, el cual pas\u00f3 a definirse en tanda penales, donde finalmente \u00e9stos vencieron al Club Tijuana (0)1-1(3).<\/p>\n<p><em>Informaci\u00f3n y fotograf\u00edas: Club Tijuana Xoloitzcuintles de Caliente.<\/em><\/p>\n","protected":false},"excerpt":{"rendered":"<p>Tijuana, Baja California.- El Club Tijuana Xoloitzcuintles de Caliente encar\u00f3 la segunda fase de la&#8230;<\/p>\n","protected":false},"author":1,"featured_media":653555,"comment_status":"closed","ping_status":"closed","sticky":false,"template":"","format":"standard","meta":{"footnotes":""},"categories":[1,7,32,17],"tags":[],"class_list":["post-653539","post","type-post","status-publish","format-standard","has-post-thumbnail","hentry","category-uncategorized","category-deportes","category-soccer","category-xolos-de-tijuana"],"_links":{"self":[{"href":"https:\/\/agpnoticias.com\/news\/index.php?rest_route=\/wp\/v2\/posts\/653539","targetHints":{"allow":["GET"]}}],"collection":[{"href":"https:\/\/agpnoticias.com\/news\/index.php?rest_route=\/wp\/v2\/posts"}],"about":[{"href":"https:\/\/agpnoticias.com\/news\/index.php?rest_route=\/wp\/v2\/types\/post"}],"author":[{"embeddable":true,"href":"https:\/\/agpnoticias.com\/news\/index.php?rest_route=\/wp\/v2\/users\/1"}],"replies":[{"embeddable":true,"href":"https:\/\/agpnoticias.com\/news\/index.php?rest_route=%2Fwp%2Fv2%2Fcomments&post=653539"}],"version-history":[{"count":1,"href":"https:\/\/agpnoticias.com\/news\/index.php?rest_route=\/wp\/v2\/posts\/653539\/revisions"}],"predecessor-version":[{"id":653570,"href":"https:\/\/agpnoticias.com\/news\/index.php?rest_route=\/wp\/v2\/posts\/653539\/revisions\/653570"}],"wp:featuredmedia":[{"embeddable":true,"href":"https:\/\/agpnoticias.com\/news\/index.php?rest_route=\/wp\/v2\/media\/653555"}],"wp:attachment":[{"href":"https:\/\/agpnoticias.com\/news\/index.php?rest_route=%2Fwp%2Fv2%2Fmedia&parent=653539"}],"wp:term":[{"taxonomy":"category","embeddable":true,"href":"https:\/\/agpnoticias.com\/news\/index.php?rest_route=%2Fwp%2Fv2%2Fcategories&post=653539"},{"taxonomy":"post_tag","embeddable":true,"href":"https:\/\/agpnoticias.com\/news\/index.php?rest_route=%2Fwp%2Fv2%2Ftags&post=653539"}],"curies":[{"name":"wp","href":"https:\/\/api.w.org\/{rel}","templated":true}]}}