{"id":663848,"date":"2014-07-06T23:44:18","date_gmt":"2014-07-07T06:44:18","guid":{"rendered":"http:\/\/agpnoticias.com\/news\/?p=663848"},"modified":"2015-02-09T19:40:57","modified_gmt":"2015-02-10T03:40:57","slug":"diario-hasta-la-final-dia-25","status":"publish","type":"post","link":"https:\/\/agpnoticias.com\/news\/?p=663848","title":{"rendered":"DIARIO HASTA LA FINAL (D\u00eda 25)"},"content":{"rendered":"<p><strong>Por Marco Antonio Dom\u00ednguez Niebla<\/strong><\/p>\n<p><strong>Papelitos en color.<\/strong> Ser\u00eda elevar la expectativa a alturas\u00a0\u00e9picas en estos tiempos cuando ya resulta complicado ver un juego de tales dimensiones como aquel de la final en 78. Entonces todo termin\u00f3 como ten\u00eda que terminar. El pa\u00eds anfitri\u00f3n, cuando el mundial de la dictadura, gan\u00f3 la final. Pero no fue s\u00f3lo una orden del r\u00e9gimen. Ese campeonato tuvo cimiento. Era la calidad de los futbolistas y lo novedoso de la propuesta enviada al mundo por su t\u00e9cnico. El Flaco con su cigarrillo, a\u00fan joven, cautivando con el discurso y el resultado, pese a la sospecha cuando los peruanos se llevaron los seis goles, uno m\u00e1s de los que necesitaban los de casa para seguir con vida. El recuerdo de esa selecci\u00f3n va m\u00e1s all\u00e1 de esa suspicacia porque el Pato era el portero, el Kaiser era el capit\u00e1n y el gran Matador Kempes hac\u00eda goles como si fuera cosa f\u00e1cil (sin olvidar a Bertoni, Tarantini, Ardiles, Luque&#8230;). Y todav\u00eda el Flaco se dio el lujo de dejar fuera de la convocatoria Diego, el chico que apuntaba a ser lo que finalmente fue, reserv\u00e1ndolo para que un a\u00f1o despu\u00e9s ganara el mundial juvenil. Del otro lado la naranja ya no era la misma que lleg\u00f3 a esa instancia con el mismo saldo cuatro a\u00f1os antes frente los alemanes, anfitriones del 74. Y ya no era la misma porque no estaba el mejor holand\u00e9s que ha pisado una cancha y que la pisar\u00e1 jam\u00e1s: Johan. Todo aquel que vio el mundial de 78, incluso el chiquillo de seis que 36 a\u00f1os despu\u00e9s escribe sobre el tema, no pod\u00eda m\u00e1s que enamorarse de ese deporte de pasiones desbordadas, como la del Matador corriendo para festejar sus goles, o Bertoni quit\u00e1ndosela al mismo Matador para sentenciar todo en tiempos extra hasta provocar la lluvia de papelitos blancos y celestes que pintaron la cancha del Monumental haciendo a\u00fan m\u00e1s inolvidable la escena del Kaiser argentino, Pasarella, con la copa en lo alto. Luego han venido cap\u00edtulos menores pero con pinceladas acu\u00f1adas entre lo mejor de las copas del mundo. Fue en 98 y Bergkamp peg\u00e1ndole de tres dedos para echar a los del Kaiser, ya cuando el Kaiser era t\u00e9cnico. No se trata de pedirles cap\u00edtulos \u00e9picos como el primero que este d\u00eda 25 del diario nos ha ocupado, ni tampoco les exigimos goles como la joya de Bergkamp en Francia. S\u00f3lo les pedimos a los dos, Argentina y Holanda, que est\u00e9n mejor de lo que han estado hasta ahora. No es tanto, en realidad. S\u00f3lo que en esta semifinal que se viene, den la talla. Su talla real. Aunque no vuelen papelitos en color.<\/p>\n<p><strong>Fugaz.<\/strong> Todo ha pasado tan r\u00e1pido. As\u00ed pasa todo cada cuatro a\u00f1os. Toda la espera resumida a un mes tan fugaz como feliz. En mi caso es el d\u00e9cimo mundial vivido. No s\u00e9 si el mejor porque me tocaron Argentina en 78, Espa\u00f1a en 82, M\u00e9xico en 86 cuando lo de Diego. Tambi\u00e9n fueron mundiales felices los de Estados Unidos, Francia y Alemania. Incluso Sud\u00e1frica. Al final las cuentas dicen que s\u00f3lo Italia fue un mundial triste, sin tantos goles. Y el de Corea y Jap\u00f3n es un recuerdo a retazos, a lo que el sue\u00f1o permitiera en esas madrugadas de futbol. Pero igual aquellos meses, entre junio y julio del 90 y del 2002, pasaron tan r\u00e1pido. As\u00ed como pasa todo cada cuatro a\u00f1os.<\/p>\n<p><strong>Dos d\u00edas sin fut. <\/strong>Fue un domingo sin futbol. Y a\u00fan m\u00e1s que eso: fue un domingo de mundial sin futbol. Aguarda un lunes de mundial sin futbol. Ya tocar\u00e1 contar algo de Brasil y Alemania, los gigantes que tienen una cita el martes por un cap\u00edtulo de gloria m\u00e1s de los tantos escritos en mundiales.<\/p>\n","protected":false},"excerpt":{"rendered":"<p>Por Marco Antonio Dom\u00ednguez Niebla Papelitos en color. Ser\u00eda elevar la expectativa a alturas\u00a0\u00e9picas en&#8230;<\/p>\n","protected":false},"author":9,"featured_media":663860,"comment_status":"closed","ping_status":"closed","sticky":false,"template":"","format":"standard","meta":{"footnotes":""},"categories":[1,141,7,98],"tags":[],"class_list":["post-663848","post","type-post","status-publish","format-standard","has-post-thumbnail","hentry","category-uncategorized","category-columnas","category-deportes","category-diario-hasta-la-final"],"_links":{"self":[{"href":"https:\/\/agpnoticias.com\/news\/index.php?rest_route=\/wp\/v2\/posts\/663848","targetHints":{"allow":["GET"]}}],"collection":[{"href":"https:\/\/agpnoticias.com\/news\/index.php?rest_route=\/wp\/v2\/posts"}],"about":[{"href":"https:\/\/agpnoticias.com\/news\/index.php?rest_route=\/wp\/v2\/types\/post"}],"author":[{"embeddable":true,"href":"https:\/\/agpnoticias.com\/news\/index.php?rest_route=\/wp\/v2\/users\/9"}],"replies":[{"embeddable":true,"href":"https:\/\/agpnoticias.com\/news\/index.php?rest_route=%2Fwp%2Fv2%2Fcomments&post=663848"}],"version-history":[{"count":6,"href":"https:\/\/agpnoticias.com\/news\/index.php?rest_route=\/wp\/v2\/posts\/663848\/revisions"}],"predecessor-version":[{"id":668961,"href":"https:\/\/agpnoticias.com\/news\/index.php?rest_route=\/wp\/v2\/posts\/663848\/revisions\/668961"}],"wp:featuredmedia":[{"embeddable":true,"href":"https:\/\/agpnoticias.com\/news\/index.php?rest_route=\/wp\/v2\/media\/663860"}],"wp:attachment":[{"href":"https:\/\/agpnoticias.com\/news\/index.php?rest_route=%2Fwp%2Fv2%2Fmedia&parent=663848"}],"wp:term":[{"taxonomy":"category","embeddable":true,"href":"https:\/\/agpnoticias.com\/news\/index.php?rest_route=%2Fwp%2Fv2%2Fcategories&post=663848"},{"taxonomy":"post_tag","embeddable":true,"href":"https:\/\/agpnoticias.com\/news\/index.php?rest_route=%2Fwp%2Fv2%2Ftags&post=663848"}],"curies":[{"name":"wp","href":"https:\/\/api.w.org\/{rel}","templated":true}]}}