{"id":688565,"date":"2014-07-09T23:54:30","date_gmt":"2014-07-10T06:54:30","guid":{"rendered":"http:\/\/agpnoticias.com\/news\/?p=688565"},"modified":"2014-12-17T11:50:11","modified_gmt":"2014-12-17T19:50:11","slug":"apuntes-perdidos-70","status":"publish","type":"post","link":"https:\/\/agpnoticias.com\/news\/?p=688565","title":{"rendered":"APUNTES PERDIDOS"},"content":{"rendered":"<p><strong>Por Marco Antonio Dom\u00ednguez Niebla<\/strong><\/p>\n<p><strong>El malo y los idiotas.<\/strong> El malo es malo de origen. Ese no tiene remedio. As\u00ed naci\u00f3. Pero hay otra especie necesaria para que el malo salga adelante y pueda hacer de las suyas: los idiotas. Se trata de una masa de corderos siempre dispuesta a congraciarse con el malo. El malo decide y los idiotas acatan sin preguntar, sin consultar siquiera como si al cuestionar irrespetaran al malo. El malo, si es listo, sale de apuros negociando, mediando cuando el agua le llega al cuello como una especie de gato exprimiendo vidas al l\u00edmite. Los idiotas no. Los idiotas acatan lo que diga el malo, sumisos, convenencieros, sin dignidad. Pero, contrario a lo pudiera pensarse, los idiotas siempre son mayor\u00eda y por ello resultan m\u00e1s peligrosos. Porque suele pasar que cuando el malo cae en desgracia, ya sin vidas por rescatar, los idiotas lo olvidan, le dan la espalda, siempre dispuestos a congraciarse con el siguiente malo en turno.<\/p>\n<p><strong>Coleguitas. <\/strong>Cada a\u00f1o es la cita esperada. Dos reporteros, a veces hasta tres, con sus dos fot\u00f3grafos por diario. Un reportero, o hasta dos, con camar\u00f3grafo por canal de televisi\u00f3n. El de la radio, o los de la radio, con quien sea, alg\u00fan amigo o colaborador. Y hasta los que ni radio ni televisi\u00f3n ni prensa escrita, pero \u00absoy medio de comunicaci\u00f3n\u00bb. Todos, los que lo hacen sin el menor pudor y los que se la pasan d\u00e1ndose golpes de pecho como ejemplos de moralidad y \u00e9tica period\u00edstica, con la servilleta colgando del cuello en espera del platillo ofertado en la invitaci\u00f3n al convivio de fin de a\u00f1o. Devorado el men\u00fa s\u00f3lo resta esperar la rifa de art\u00edculos. Y entonces las miradas entre unos y otros, recelosos, en franca competencia y no por llevarse la nota de lo informado durante el acto por el funcionario que ha hecho costumbre los encuentros anuales a modo de \u00abagradecimiento a todos ustedes por su cobertura durante todo el a\u00f1o, muchachos\u00bb. No, qu\u00e9 importan los datos, las estad\u00edsticas, las proyecciones del a\u00f1o que empieza, cuando la invitaci\u00f3n es a comer. El cruce de miradas, cuchillas filosas dirigidas al contendiente, evidencia la disputa por el moderno televisor o la computadora port\u00e1til o la canasta de art\u00edculos comestibles y bebibles. Finalizado el sorteo, adi\u00f3s y hasta el pr\u00f3ximo a\u00f1o. Esa es la \u00fanica cita que importa. Termino este apunte, solitario, en el centro de alto rendimiento de la ciudad. Ahora, a medio a\u00f1o, hubo rueda de prensa para informar un plan vacacional. Nada m\u00e1s mi compa\u00f1ero fot\u00f3grafo y yo tomamos nota e imagen de lo sucedido. Ni los del peri\u00f3dico, ni los de la radio ni los de la televisi\u00f3n. Es hora de retirarnos con la informaci\u00f3n recabada. S\u00f3lo por eso venimos. Sobra decir que en esta ocasi\u00f3n no se ofert\u00f3 ni comida ni bebida ni rifa de art\u00edculos. De haber sido as\u00ed algo de compa\u00f1\u00eda habr\u00edamos tenido, como sucede cada fin de a\u00f1o cuando convoca la misma dependencia.<\/p>\n<p><strong>El verdadero periodista de la familia.<\/strong> C\u00f3mo lo admiro. Rara vez se lo digo. Pero s\u00e9 que \u00e9l lo sabe. Y bien que lo sabe. Es el periodista ideal. Escribe tan bien y es tan provocador. De los tres hijos de \u00c1ngel y Lilia es el m\u00e1s brillante. L\u00e1stima que s\u00f3lo puedo leerlo en redes sociales haciendo rabiar a medio mundo. Francisco, el menor, mi hermanito, prefiri\u00f3 estudiar. Todo un abogado \u00e9l.<\/p>\n","protected":false},"excerpt":{"rendered":"<p>Por Marco Antonio Dom\u00ednguez Niebla El malo y los idiotas. El malo es malo de&#8230;<\/p>\n","protected":false},"author":9,"featured_media":688567,"comment_status":"closed","ping_status":"closed","sticky":false,"template":"","format":"standard","meta":{"footnotes":""},"categories":[1,24,141,7],"tags":[],"class_list":["post-688565","post","type-post","status-publish","format-standard","has-post-thumbnail","hentry","category-uncategorized","category-la-columna","category-columnas","category-deportes"],"_links":{"self":[{"href":"https:\/\/agpnoticias.com\/news\/index.php?rest_route=\/wp\/v2\/posts\/688565","targetHints":{"allow":["GET"]}}],"collection":[{"href":"https:\/\/agpnoticias.com\/news\/index.php?rest_route=\/wp\/v2\/posts"}],"about":[{"href":"https:\/\/agpnoticias.com\/news\/index.php?rest_route=\/wp\/v2\/types\/post"}],"author":[{"embeddable":true,"href":"https:\/\/agpnoticias.com\/news\/index.php?rest_route=\/wp\/v2\/users\/9"}],"replies":[{"embeddable":true,"href":"https:\/\/agpnoticias.com\/news\/index.php?rest_route=%2Fwp%2Fv2%2Fcomments&post=688565"}],"version-history":[{"count":3,"href":"https:\/\/agpnoticias.com\/news\/index.php?rest_route=\/wp\/v2\/posts\/688565\/revisions"}],"predecessor-version":[{"id":688587,"href":"https:\/\/agpnoticias.com\/news\/index.php?rest_route=\/wp\/v2\/posts\/688565\/revisions\/688587"}],"wp:featuredmedia":[{"embeddable":true,"href":"https:\/\/agpnoticias.com\/news\/index.php?rest_route=\/wp\/v2\/media\/688567"}],"wp:attachment":[{"href":"https:\/\/agpnoticias.com\/news\/index.php?rest_route=%2Fwp%2Fv2%2Fmedia&parent=688565"}],"wp:term":[{"taxonomy":"category","embeddable":true,"href":"https:\/\/agpnoticias.com\/news\/index.php?rest_route=%2Fwp%2Fv2%2Fcategories&post=688565"},{"taxonomy":"post_tag","embeddable":true,"href":"https:\/\/agpnoticias.com\/news\/index.php?rest_route=%2Fwp%2Fv2%2Ftags&post=688565"}],"curies":[{"name":"wp","href":"https:\/\/api.w.org\/{rel}","templated":true}]}}