{"id":705556,"date":"2014-07-11T13:06:24","date_gmt":"2014-07-11T20:06:24","guid":{"rendered":"http:\/\/agpnoticias.com\/news\/?p=705556"},"modified":"2016-12-28T21:20:56","modified_gmt":"2016-12-29T05:20:56","slug":"el-sabado-primer-paseo-ciclista-de-universidad-vizcaya-de-las-america","status":"publish","type":"post","link":"https:\/\/agpnoticias.com\/news\/?p=705556","title":{"rendered":"El s\u00e1bado primer paseo ciclista de Universidad Vizcaya de las Am\u00e9ricas"},"content":{"rendered":"<figure id=\"attachment_705559\" aria-describedby=\"caption-attachment-705559\" style=\"width: 640px\" class=\"wp-caption aligncenter\"><a href=\"http:\/\/agpnoticias.com\/news\/?attachment_id=705559\" rel=\"attachment wp-att-705559\"><img fetchpriority=\"high\" decoding=\"async\" class=\"size-large wp-image-705559\" src=\"http:\/\/agpnoticias.com\/news\/wp-content\/uploads\/2014\/07\/Universidad-Vizcaya-organizar\u00e1-su-primer-paseo-ciclista-640x480.jpg\" alt=\"Universidad Vizcaya organizar\u00e1 su primer paseo ciclista\" width=\"640\" height=\"480\" srcset=\"https:\/\/agpnoticias.com\/news\/wp-content\/uploads\/2014\/07\/Universidad-Vizcaya-organizar\u00e1-su-primer-paseo-ciclista-640x480.jpg 640w, https:\/\/agpnoticias.com\/news\/wp-content\/uploads\/2014\/07\/Universidad-Vizcaya-organizar\u00e1-su-primer-paseo-ciclista-320x240.jpg 320w\" sizes=\"(max-width: 640px) 100vw, 640px\" \/><\/a><figcaption id=\"caption-attachment-705559\" class=\"wp-caption-text\">Universidad Vizcaya organizar\u00e1 su primer paseo ciclista<\/figcaption><\/figure>\n<p>Ensenada, Baja California.- \u00abPara promover actividades deportivas que beneficien a la comunidad\u00bb, Universidad Vizcaya de las Am\u00e9ricas realizar\u00e1 su primer paseo ciclista este s\u00e1bado a partir de las 17:00 horas con salida y meta en sus instalaciones de calle Gast\u00e9lum y octava.<\/p>\n<p>\u00abSer\u00e1 un paseo ciclista totalmente familiar llamado Vizcaya en Movimiento, cuyo objetivo es crear conciencia sobre la cultura del ciclismo en una ciudad tan deportiva como Ensenada\u00bb, se\u00f1al\u00f3 Alexis Arce.<\/p>\n<p>El coordinador de vinculaci\u00f3n y difusi\u00f3n de Universidad Vizcaya de las Am\u00e9ricas destac\u00f3 que el paseo es gratuito como todas las actividades recreativas organizadas por la instituci\u00f3n.<\/p>\n<p>\u00abTenemos un paseo ciclista totalmente familiar llamado \u00b4Vizcaya en Movimiento\u00b4 para crear una conciencia en torno a la cultura hacia el respeto al ciclista en una ciudad tan deportiva como Ensenada\u00bb, indic\u00f3.<\/p>\n<p>El recorrido ser\u00e1 de aproximadamente ocho kil\u00f3metros partiendo de la calle octava hacia la Ruiz, el bulevar costero la calle primera, con regreso hacia la avenida Riveroll en ruta al punto de salida.<\/p>\n<p>\u00abQuisimos hacer un paseo, no competencia, para sumar a gente de todas las edades que tome su bicicleta y quiera acompa\u00f1arnos\u00bb, apunt\u00f3.<\/p>\n<p>El registro ser\u00e1 a las cinco de la tarde en las instalaciones de la Universidad Vizcaya de las Am\u00e9ricas, donde, concluido el paseo, habr\u00e1 un festival musical y la rifa de diversos art\u00edculos entre los participantes.<\/p>\n","protected":false},"excerpt":{"rendered":"<p>Ensenada, Baja California.- \u00abPara promover actividades deportivas que beneficien a la comunidad\u00bb, Universidad Vizcaya de&#8230;<\/p>\n","protected":false},"author":1,"featured_media":705559,"comment_status":"closed","ping_status":"closed","sticky":false,"template":"","format":"standard","meta":{"footnotes":""},"categories":[1,692,7],"tags":[],"class_list":["post-705556","post","type-post","status-publish","format-standard","has-post-thumbnail","hentry","category-uncategorized","category-ciclismo","category-deportes"],"_links":{"self":[{"href":"https:\/\/agpnoticias.com\/news\/index.php?rest_route=\/wp\/v2\/posts\/705556","targetHints":{"allow":["GET"]}}],"collection":[{"href":"https:\/\/agpnoticias.com\/news\/index.php?rest_route=\/wp\/v2\/posts"}],"about":[{"href":"https:\/\/agpnoticias.com\/news\/index.php?rest_route=\/wp\/v2\/types\/post"}],"author":[{"embeddable":true,"href":"https:\/\/agpnoticias.com\/news\/index.php?rest_route=\/wp\/v2\/users\/1"}],"replies":[{"embeddable":true,"href":"https:\/\/agpnoticias.com\/news\/index.php?rest_route=%2Fwp%2Fv2%2Fcomments&post=705556"}],"version-history":[{"count":2,"href":"https:\/\/agpnoticias.com\/news\/index.php?rest_route=\/wp\/v2\/posts\/705556\/revisions"}],"predecessor-version":[{"id":705604,"href":"https:\/\/agpnoticias.com\/news\/index.php?rest_route=\/wp\/v2\/posts\/705556\/revisions\/705604"}],"wp:featuredmedia":[{"embeddable":true,"href":"https:\/\/agpnoticias.com\/news\/index.php?rest_route=\/wp\/v2\/media\/705559"}],"wp:attachment":[{"href":"https:\/\/agpnoticias.com\/news\/index.php?rest_route=%2Fwp%2Fv2%2Fmedia&parent=705556"}],"wp:term":[{"taxonomy":"category","embeddable":true,"href":"https:\/\/agpnoticias.com\/news\/index.php?rest_route=%2Fwp%2Fv2%2Fcategories&post=705556"},{"taxonomy":"post_tag","embeddable":true,"href":"https:\/\/agpnoticias.com\/news\/index.php?rest_route=%2Fwp%2Fv2%2Ftags&post=705556"}],"curies":[{"name":"wp","href":"https:\/\/api.w.org\/{rel}","templated":true}]}}