{"id":705635,"date":"2014-07-11T13:18:26","date_gmt":"2014-07-11T20:18:26","guid":{"rendered":"http:\/\/agpnoticias.com\/news\/?p=705635"},"modified":"2014-07-11T13:18:26","modified_gmt":"2014-07-11T20:18:26","slug":"se-quedan-a-oscuras-en-el-tigre","status":"publish","type":"post","link":"https:\/\/agpnoticias.com\/news\/?p=705635","title":{"rendered":"Se quedan a oscuras en el \u00abTigre\u00bb"},"content":{"rendered":"<figure id=\"attachment_705674\" aria-describedby=\"caption-attachment-705674\" style=\"width: 800px\" class=\"wp-caption aligncenter\"><a href=\"http:\/\/agpnoticias.com\/news\/?attachment_id=705674\" rel=\"attachment wp-att-705674\"><img fetchpriority=\"high\" decoding=\"async\" class=\"size-full wp-image-705674\" src=\"http:\/\/agpnoticias.com\/news\/wp-content\/uploads\/2014\/07\/El-gimnasio-municipal-se-qued\u00f3-sin-luz-el-jueves-por-la-noche.jpg\" alt=\"El gimnasio municipal se qued\u00f3 sin luz el jueves por la noche\" width=\"800\" height=\"536\" srcset=\"https:\/\/agpnoticias.com\/news\/wp-content\/uploads\/2014\/07\/El-gimnasio-municipal-se-qued\u00f3-sin-luz-el-jueves-por-la-noche.jpg 800w, https:\/\/agpnoticias.com\/news\/wp-content\/uploads\/2014\/07\/El-gimnasio-municipal-se-qued\u00f3-sin-luz-el-jueves-por-la-noche-200x134.jpg 200w, https:\/\/agpnoticias.com\/news\/wp-content\/uploads\/2014\/07\/El-gimnasio-municipal-se-qued\u00f3-sin-luz-el-jueves-por-la-noche-600x402.jpg 600w\" sizes=\"(max-width: 800px) 100vw, 800px\" \/><\/a><figcaption id=\"caption-attachment-705674\" class=\"wp-caption-text\">El gimnasio municipal se qued\u00f3 sin luz el jueves por la noche<\/figcaption><\/figure>\n<figure id=\"attachment_705687\" aria-describedby=\"caption-attachment-705687\" style=\"width: 133px\" class=\"wp-caption alignright\"><a href=\"http:\/\/agpnoticias.com\/news\/?attachment_id=705687\" rel=\"attachment wp-att-705687\"><img decoding=\"async\" class=\"size-thumbnail wp-image-705687\" src=\"http:\/\/agpnoticias.com\/news\/wp-content\/uploads\/2014\/07\/La-instalaci\u00f3n-el\u00e9ctrica-registr\u00f3-un-corto-circuito-133x200.jpg\" alt=\"La instalaci\u00f3n el\u00e9ctrica registr\u00f3 un corto circuito\" width=\"133\" height=\"200\" srcset=\"https:\/\/agpnoticias.com\/news\/wp-content\/uploads\/2014\/07\/La-instalaci\u00f3n-el\u00e9ctrica-registr\u00f3-un-corto-circuito-133x200.jpg 133w, https:\/\/agpnoticias.com\/news\/wp-content\/uploads\/2014\/07\/La-instalaci\u00f3n-el\u00e9ctrica-registr\u00f3-un-corto-circuito.jpg 299w\" sizes=\"(max-width: 133px) 100vw, 133px\" \/><\/a><figcaption id=\"caption-attachment-705687\" class=\"wp-caption-text\">La instalaci\u00f3n el\u00e9ctrica registr\u00f3 un corto circuito<\/figcaption><\/figure>\n<p>Ensenada, Baja California.- Un corto circuito literalmente apag\u00f3 al gimnasio municipal \u00d3scar \u00abTigre\u00bb Garc\u00eda y hubo necesidad de utilizar extinguidores para evitar que el hecho pasara mayores.<\/p>\n<p>\u00abComo a las ocho de la noche (del jueves) hubo un corto circuito en la caja principal que alimenta la corriente del gimnasio\u00bb, inform\u00f3 Arturo Rodr\u00edguez. \u00abLos cables no soportaron la carga, hizo corto circuito y explot\u00f3\u00bb.<\/p>\n<p>El administrador del gimnasio dijo que durante la m\u00e1s reciente remodelaci\u00f3n del lugar se cambi\u00f3 toda la red de cableado el\u00e9ctrico y \u00abahora habr\u00e1 que esperar a que la gente de la comisi\u00f3n (federal de electricidad) dictamine la causa de lo que pas\u00f3\u00bb.<\/p>\n<p>\u00abNo hab\u00edamos tenido problemas de este tipo, s\u00f3lo fundido de focos y cosas menores, no como ahora que explot\u00f3 la caja. Hubo fuego pero tenemos extinguidores y con Alejandro Ortiz, presidente de la Liga Municipal de Basquetbol, lo apagamos\u00bb, explic\u00f3.<\/p>\n<p>Cuando \u00ablas luces empezaron a parpadear est\u00e1bamos en la jornada de Voleibol de Uninvitaver y cuando bajamos esto explot\u00f3\u00bb, describi\u00f3.<\/p>\n","protected":false},"excerpt":{"rendered":"<p>Ensenada, Baja California.- Un corto circuito literalmente apag\u00f3 al gimnasio municipal \u00d3scar \u00abTigre\u00bb Garc\u00eda y&#8230;<\/p>\n","protected":false},"author":1,"featured_media":705674,"comment_status":"closed","ping_status":"closed","sticky":false,"template":"","format":"standard","meta":{"footnotes":""},"categories":[1,7],"tags":[],"class_list":["post-705635","post","type-post","status-publish","format-standard","has-post-thumbnail","hentry","category-uncategorized","category-deportes"],"_links":{"self":[{"href":"https:\/\/agpnoticias.com\/news\/index.php?rest_route=\/wp\/v2\/posts\/705635","targetHints":{"allow":["GET"]}}],"collection":[{"href":"https:\/\/agpnoticias.com\/news\/index.php?rest_route=\/wp\/v2\/posts"}],"about":[{"href":"https:\/\/agpnoticias.com\/news\/index.php?rest_route=\/wp\/v2\/types\/post"}],"author":[{"embeddable":true,"href":"https:\/\/agpnoticias.com\/news\/index.php?rest_route=\/wp\/v2\/users\/1"}],"replies":[{"embeddable":true,"href":"https:\/\/agpnoticias.com\/news\/index.php?rest_route=%2Fwp%2Fv2%2Fcomments&post=705635"}],"version-history":[{"count":1,"href":"https:\/\/agpnoticias.com\/news\/index.php?rest_route=\/wp\/v2\/posts\/705635\/revisions"}],"predecessor-version":[{"id":705693,"href":"https:\/\/agpnoticias.com\/news\/index.php?rest_route=\/wp\/v2\/posts\/705635\/revisions\/705693"}],"wp:featuredmedia":[{"embeddable":true,"href":"https:\/\/agpnoticias.com\/news\/index.php?rest_route=\/wp\/v2\/media\/705674"}],"wp:attachment":[{"href":"https:\/\/agpnoticias.com\/news\/index.php?rest_route=%2Fwp%2Fv2%2Fmedia&parent=705635"}],"wp:term":[{"taxonomy":"category","embeddable":true,"href":"https:\/\/agpnoticias.com\/news\/index.php?rest_route=%2Fwp%2Fv2%2Fcategories&post=705635"},{"taxonomy":"post_tag","embeddable":true,"href":"https:\/\/agpnoticias.com\/news\/index.php?rest_route=%2Fwp%2Fv2%2Ftags&post=705635"}],"curies":[{"name":"wp","href":"https:\/\/api.w.org\/{rel}","templated":true}]}}