{"id":726265,"date":"2014-07-13T23:45:33","date_gmt":"2014-07-14T06:45:33","guid":{"rendered":"http:\/\/agpnoticias.com\/news\/?p=726265"},"modified":"2015-02-09T19:40:55","modified_gmt":"2015-02-10T03:40:55","slug":"diario-hasta-la-final-dia-32","status":"publish","type":"post","link":"https:\/\/agpnoticias.com\/news\/?p=726265","title":{"rendered":"DIARIO HASTA LA FINAL (D\u00eda 32)"},"content":{"rendered":"<p><strong>Por Marco Antonio Dom\u00ednguez Niebla<\/strong><\/p>\n<p><strong>Umlaut.\u00a0<\/strong>No sabr\u00eda mencionar a uno solo. Y es que tengo un problema tambi\u00e9n para escribirlo. Ni siquiera al chico Goetze, tan precoz como fr\u00edo para asestar el tiro de gracia cuando se acababa el segundo tiempo extra. Todos tan capaces y tan solidarios. Dif\u00edcil la tarea de particularizar, a\u00fan m\u00e1s cuando no encuentro esa especie de di\u00e9resis germ\u00e1nica en el teclado, llamada umlaut (ustedes perdonar\u00e1n la omisi\u00f3n de tales puntillos sobre las vocales, por la explicaci\u00f3n expuesta previo a esta l\u00ednea). Desde el solvente Neuer y\u00a0el viejo goleador Klose pasando por el eterno Lahm, Hummels, Boateng y hasta el lateral de la izquiera Howedes, o el impronunciable e inagotable Schweinteiger junto con Kroos, Ozil, el ausente Khedira y el certero relevo Schurrle con un siempre amenazante Muller por todos los frentes posibles de ataque. \u00bfUno mejor que el resto? No. Eso es lo mejor. El mundial lo gan\u00f3 un equipo. Una roca firme sin part\u00edculas sueltas bajo la direcci\u00f3n de un l\u00edder imperturbable de apellido Low (tambi\u00e9n con umlaut, en este caso dos puntillos encima de la o).<\/p>\n<p><strong>Un Lio. <\/strong>Hace ocho a\u00f1os no pasaba nada. Apenas 19 y su primera copa. Un mundo por comerse. Fue el cambio que Pekerman nunca hizo. La v\u00edctima de las circunstancias. Los penales con Alemania en cuartos y adi\u00f3s. \u00bfCu\u00e1l problema? Hasta tres mundiales por delante. Hace cuatro a\u00f1os no pasaba nada. Apenas 23 y su segunda copa. El mundo ya a sus pies. Se fue sin goles. La goleada cuando Diego como t\u00e9cnico con Alemania en cuartos y adi\u00f3s. \u00bfCu\u00e1l problema? Hasta dos mundiales por delante. Y hace unas semanas, ya en plenitud, algo ten\u00eda que pasar. Ya con 27 y su tercera copa. El mundo ya debidamente devorado y \u00e9l consagrado como el mejor de todos, el gran heredero de la 10. Fue la esperanza que en eso qued\u00f3\u00a0(a pesar del premio inmerecido marca FIFA). El gol alem\u00e1n en tiempos extra de la final y adi\u00f3s. \u00a1Qu\u00e9 problema! S\u00f3lo un mundial por delante. Y en Rusia, dentro de cuatro a\u00f1os, algo tiene que pasar con \u00e9l vestido de albiceleste, tal como pasa cuando viste de azul y grana desde los 19 y los 23 y los 27. Tal sea\u00a0a los 31.<\/p>\n<p><strong>A la altura.<\/strong> La de Higua\u00edn solo frente a Neuer despu\u00e9s de una de las cosas m\u00e1s extra\u00f1as de esta copa del mundo: un error de Kroos. Luego la del calvo ese de la trencilla rid\u00edcula, Palacio, temeroso frente al intimidante Neuer. Pero lo hicieron bien. Mucho mejor de lo que se esperaba, incluso. Al t\u00fa por t\u00fa, como se dice en las cr\u00f3nicas futboleras, contra la mejor selecci\u00f3n del mundial brasile\u00f1o. Hasta Sabella, el se\u00f1or ese de gesto compungido y de cambios err\u00f3neos, pareci\u00f3 por momentos fugaces (al inicio del segundo tiempo, sobre todo) el Flaco con su cigarrillo y su futbol colectivo y generoso del 78, aunque fue m\u00e1s el tiempo que pareci\u00f3 el Narig\u00f3n con su obsesi\u00f3n por el parado del equipo para que luciera Diego en el 86. Tendr\u00edamos que ser agradecidos con Argentina por regalarnos su mejor versi\u00f3n durante esos 112 minutos de emoci\u00f3n e incertidumbre, antes de que la final fuera ganada por el que ten\u00eda que ganarla.<\/p>\n<p><strong>Y fue hasta la final.<\/strong> Las despedidas son una de las tantas cosas que no se me dan. Mucho menos cuando la distancia ser\u00e1 tan prolongada. Lleg\u00f3 el d\u00eda 32. Se jug\u00f3 la final. Y cierro este diario. Espero abrirlo de nuevo en junio de 2018. Todo pasar\u00e1 en Rusia.<\/p>\n","protected":false},"excerpt":{"rendered":"<p>Por Marco Antonio Dom\u00ednguez Niebla Umlaut.\u00a0No sabr\u00eda mencionar a uno solo. Y es que tengo&#8230;<\/p>\n","protected":false},"author":9,"featured_media":726286,"comment_status":"closed","ping_status":"closed","sticky":false,"template":"","format":"standard","meta":{"footnotes":""},"categories":[1,141,7,98],"tags":[],"class_list":["post-726265","post","type-post","status-publish","format-standard","has-post-thumbnail","hentry","category-uncategorized","category-columnas","category-deportes","category-diario-hasta-la-final"],"_links":{"self":[{"href":"https:\/\/agpnoticias.com\/news\/index.php?rest_route=\/wp\/v2\/posts\/726265","targetHints":{"allow":["GET"]}}],"collection":[{"href":"https:\/\/agpnoticias.com\/news\/index.php?rest_route=\/wp\/v2\/posts"}],"about":[{"href":"https:\/\/agpnoticias.com\/news\/index.php?rest_route=\/wp\/v2\/types\/post"}],"author":[{"embeddable":true,"href":"https:\/\/agpnoticias.com\/news\/index.php?rest_route=\/wp\/v2\/users\/9"}],"replies":[{"embeddable":true,"href":"https:\/\/agpnoticias.com\/news\/index.php?rest_route=%2Fwp%2Fv2%2Fcomments&post=726265"}],"version-history":[{"count":7,"href":"https:\/\/agpnoticias.com\/news\/index.php?rest_route=\/wp\/v2\/posts\/726265\/revisions"}],"predecessor-version":[{"id":726449,"href":"https:\/\/agpnoticias.com\/news\/index.php?rest_route=\/wp\/v2\/posts\/726265\/revisions\/726449"}],"wp:featuredmedia":[{"embeddable":true,"href":"https:\/\/agpnoticias.com\/news\/index.php?rest_route=\/wp\/v2\/media\/726286"}],"wp:attachment":[{"href":"https:\/\/agpnoticias.com\/news\/index.php?rest_route=%2Fwp%2Fv2%2Fmedia&parent=726265"}],"wp:term":[{"taxonomy":"category","embeddable":true,"href":"https:\/\/agpnoticias.com\/news\/index.php?rest_route=%2Fwp%2Fv2%2Fcategories&post=726265"},{"taxonomy":"post_tag","embeddable":true,"href":"https:\/\/agpnoticias.com\/news\/index.php?rest_route=%2Fwp%2Fv2%2Ftags&post=726265"}],"curies":[{"name":"wp","href":"https:\/\/api.w.org\/{rel}","templated":true}]}}