{"id":730944,"date":"2014-07-14T15:31:38","date_gmt":"2014-07-14T22:31:38","guid":{"rendered":"http:\/\/agpnoticias.com\/news\/?p=730944"},"modified":"2014-07-14T15:32:52","modified_gmt":"2014-07-14T22:32:52","slug":"inauguran-programa-vacacional-rio-de-diversion","status":"publish","type":"post","link":"https:\/\/agpnoticias.com\/news\/?p=730944","title":{"rendered":"Inauguran Programa Vacacional \u00abR\u00edo de Diversi\u00f3n\u00bb"},"content":{"rendered":"<figure id=\"attachment_730954\" aria-describedby=\"caption-attachment-730954\" style=\"width: 800px\" class=\"wp-caption aligncenter\"><a href=\"http:\/\/agpnoticias.com\/news\/?attachment_id=730954\" rel=\"attachment wp-att-730954\"><img fetchpriority=\"high\" decoding=\"async\" class=\"size-full wp-image-730954\" src=\"http:\/\/agpnoticias.com\/news\/wp-content\/uploads\/2014\/07\/El-alcalde-inaugur\u00f3-el-Programa-Vacacional-2014.jpg\" alt=\"El alcalde inaugur\u00f3 el Programa Vacacional 2014\" width=\"800\" height=\"353\" srcset=\"https:\/\/agpnoticias.com\/news\/wp-content\/uploads\/2014\/07\/El-alcalde-inaugur\u00f3-el-Programa-Vacacional-2014.jpg 800w, https:\/\/agpnoticias.com\/news\/wp-content\/uploads\/2014\/07\/El-alcalde-inaugur\u00f3-el-Programa-Vacacional-2014-200x88.jpg 200w, https:\/\/agpnoticias.com\/news\/wp-content\/uploads\/2014\/07\/El-alcalde-inaugur\u00f3-el-Programa-Vacacional-2014-600x264.jpg 600w\" sizes=\"(max-width: 800px) 100vw, 800px\" \/><\/a><figcaption id=\"caption-attachment-730954\" class=\"wp-caption-text\">El alcalde inaugur\u00f3 el Programa Vacacional 2014<\/figcaption><\/figure>\n<p>Ensenada, Baja California.- Aunque inici\u00f3 la semana pasada, este lunes fue inaugurado de manera formal el Programa Vacacional 2014 organizado por el Instituto Municipal del Deporte y Recreaci\u00f3n de Ensenada (Inmudere).<\/p>\n<p>\u00abEl programa se llama \u00b4R\u00edo de Diversi\u00f3n\u00b4 haciendo alusi\u00f3n a este verano mundialista que apenas concluy\u00f3 ayer con el triunfo de Alemania contra Argentina\u00bb, inform\u00f3 el director de la dependencia, Miguel Garc\u00eda Urias.<\/p>\n<p>En el programa vacacional participan ni\u00f1os entre los 5 y 14 a\u00f1os con horarios de lunes a viernes de 8:00 a 12:30 horas en las unidades deportivas Sullivan, Ciudad Deportiva, Tres Colonias, P\u00f3rticos, Vida Digna, Colonia Hidalgo, Misiones de la Presa, Bella Vista y Ruiz Cortinez.<\/p>\n<p>Y como novedad, Miguel Garc\u00eda destac\u00f3 que el programa ha sido desarrollado por primera vez en 10 delegaciones del municipio con las mismas actividades deportivas y recreativas, adem\u00e1s de manualidades, zumba, paseo ciclista y campamento.<\/p>\n<p>\u00abEs la edici\u00f3n en la que m\u00e1s sedes se han abierto y en lugares donde nunca se hab\u00eda desarrollado el programa vacacional\u00bb, apunt\u00f3.<\/p>\n<p>Durante el acto que incluy\u00f3 la ceremonia c\u00edvica de los lunes, el presidente municipal Gilberto Hirata recomend\u00f3 a los ni\u00f1os que \u00abse diviertan mucho con sus instructores, maestros y m\u00e9dicos\u00bb.<\/p>\n<p>\u00abQueremos que m\u00e1s ni\u00f1os disfruten este mes y aprovechen todo lo que les van a ense\u00f1ar\u00bb y \u00abesperamos que en el verano que viene participen m\u00e1s ni\u00f1os\u00bb.<\/p>\n<p>Tambi\u00e9n solicit\u00f3 a los encargados de desarrollar el programa vacacional que \u00abtengan mucho cuidado con la seguridad de los ni\u00f1os en todos los aspectos. Ati\u00e9ndalos porque los padres de familia han depositado en ustedes la responsabilidad\u00bb.<\/p>\n<p>El Programa Vacacional finaliza el 1 de agosto.<\/p>\n","protected":false},"excerpt":{"rendered":"<p>Ensenada, Baja California.- Aunque inici\u00f3 la semana pasada, este lunes fue inaugurado de manera formal&#8230;<\/p>\n","protected":false},"author":1,"featured_media":730954,"comment_status":"closed","ping_status":"closed","sticky":false,"template":"","format":"standard","meta":{"footnotes":""},"categories":[1,7],"tags":[],"class_list":["post-730944","post","type-post","status-publish","format-standard","has-post-thumbnail","hentry","category-uncategorized","category-deportes"],"_links":{"self":[{"href":"https:\/\/agpnoticias.com\/news\/index.php?rest_route=\/wp\/v2\/posts\/730944","targetHints":{"allow":["GET"]}}],"collection":[{"href":"https:\/\/agpnoticias.com\/news\/index.php?rest_route=\/wp\/v2\/posts"}],"about":[{"href":"https:\/\/agpnoticias.com\/news\/index.php?rest_route=\/wp\/v2\/types\/post"}],"author":[{"embeddable":true,"href":"https:\/\/agpnoticias.com\/news\/index.php?rest_route=\/wp\/v2\/users\/1"}],"replies":[{"embeddable":true,"href":"https:\/\/agpnoticias.com\/news\/index.php?rest_route=%2Fwp%2Fv2%2Fcomments&post=730944"}],"version-history":[{"count":1,"href":"https:\/\/agpnoticias.com\/news\/index.php?rest_route=\/wp\/v2\/posts\/730944\/revisions"}],"predecessor-version":[{"id":730959,"href":"https:\/\/agpnoticias.com\/news\/index.php?rest_route=\/wp\/v2\/posts\/730944\/revisions\/730959"}],"wp:featuredmedia":[{"embeddable":true,"href":"https:\/\/agpnoticias.com\/news\/index.php?rest_route=\/wp\/v2\/media\/730954"}],"wp:attachment":[{"href":"https:\/\/agpnoticias.com\/news\/index.php?rest_route=%2Fwp%2Fv2%2Fmedia&parent=730944"}],"wp:term":[{"taxonomy":"category","embeddable":true,"href":"https:\/\/agpnoticias.com\/news\/index.php?rest_route=%2Fwp%2Fv2%2Fcategories&post=730944"},{"taxonomy":"post_tag","embeddable":true,"href":"https:\/\/agpnoticias.com\/news\/index.php?rest_route=%2Fwp%2Fv2%2Ftags&post=730944"}],"curies":[{"name":"wp","href":"https:\/\/api.w.org\/{rel}","templated":true}]}}