{"id":7570,"date":"2011-12-13T09:47:55","date_gmt":"2011-12-13T16:47:55","guid":{"rendered":"http:\/\/agpnoticias.com\/news\/?p=7570"},"modified":"2011-12-13T09:47:55","modified_gmt":"2011-12-13T16:47:55","slug":"se-registran-primeras-nevadas-en-sierra-de-san-pedro-martir","status":"publish","type":"post","link":"https:\/\/agpnoticias.com\/news\/?p=7570","title":{"rendered":"Se registran primeras nevadas en Sierra de San Pedro Martir"},"content":{"rendered":"<p>ENSENADA, Mexico.- Debido a las nevadas que se est\u00e1n registrando en la Sierra de San Pedro M\u00e1rtir, la Secretar\u00eda de Protecci\u00f3n al Ambiente (SPA), emite informaci\u00f3n para visitantes locales, nacionales y extranjeros.<\/p>\n<p>Thelma Casta\u00f1eda Custodio, directora de Impacto Ambiental de la SPA, se\u00f1al\u00f3 que de acuerdo a reportes climatol\u00f3gicos se continuar\u00e1n registrando nevadas en la zona, por eso se recomienda a los visitantes se abstengan de visitar el lugar por los peligros que pueden suscitarse por el congelamiento del camino.<!--more--><\/p>\n<p>Coment\u00f3 que el peligro es por la cristalizaci\u00f3n del deshielo en el pavimento, raz\u00f3n por lo que la carretera se vuelve sumamente resbaladiza y peligrosa para los veh\u00edculos que transitan por el lugar.<\/p>\n<p>Sin embargo dijo que el parque contin\u00faa abierto a la poblaci\u00f3n, pero por los riesgos que se pueden presentar se exhorta no acudir a la Sierra de San Pedro M\u00e1rtir.<\/p>\n<p>Casta\u00f1eda Custodio se\u00f1al\u00f3 que de acuerdo a los reportes climatol\u00f3gicos se registran temperaturas de -4 grados cent\u00edgrados y un acumulado de nieve de 6 pulgadas, lo que puede causar a las personas que queden varadas en la zona, casos de hipotermia, y complicaciones derivadas del fr\u00edo.<\/p>\n<p>Finalmente exhort\u00f3 a los visitantes a permanecer atentos a los avisos que emitan las autoridades y seguir las recomendaciones. AGP\/Str<\/p>\n","protected":false},"excerpt":{"rendered":"<p>ENSENADA, Mexico.- Debido a las nevadas que se est\u00e1n registrando en la Sierra de San&#8230;<\/p>\n","protected":false},"author":1,"featured_media":7571,"comment_status":"closed","ping_status":"closed","sticky":false,"template":"","format":"standard","meta":{"footnotes":""},"categories":[1],"tags":[],"class_list":["post-7570","post","type-post","status-publish","format-standard","has-post-thumbnail","hentry","category-uncategorized"],"_links":{"self":[{"href":"https:\/\/agpnoticias.com\/news\/index.php?rest_route=\/wp\/v2\/posts\/7570","targetHints":{"allow":["GET"]}}],"collection":[{"href":"https:\/\/agpnoticias.com\/news\/index.php?rest_route=\/wp\/v2\/posts"}],"about":[{"href":"https:\/\/agpnoticias.com\/news\/index.php?rest_route=\/wp\/v2\/types\/post"}],"author":[{"embeddable":true,"href":"https:\/\/agpnoticias.com\/news\/index.php?rest_route=\/wp\/v2\/users\/1"}],"replies":[{"embeddable":true,"href":"https:\/\/agpnoticias.com\/news\/index.php?rest_route=%2Fwp%2Fv2%2Fcomments&post=7570"}],"version-history":[{"count":2,"href":"https:\/\/agpnoticias.com\/news\/index.php?rest_route=\/wp\/v2\/posts\/7570\/revisions"}],"predecessor-version":[{"id":7573,"href":"https:\/\/agpnoticias.com\/news\/index.php?rest_route=\/wp\/v2\/posts\/7570\/revisions\/7573"}],"wp:featuredmedia":[{"embeddable":true,"href":"https:\/\/agpnoticias.com\/news\/index.php?rest_route=\/wp\/v2\/media\/7571"}],"wp:attachment":[{"href":"https:\/\/agpnoticias.com\/news\/index.php?rest_route=%2Fwp%2Fv2%2Fmedia&parent=7570"}],"wp:term":[{"taxonomy":"category","embeddable":true,"href":"https:\/\/agpnoticias.com\/news\/index.php?rest_route=%2Fwp%2Fv2%2Fcategories&post=7570"},{"taxonomy":"post_tag","embeddable":true,"href":"https:\/\/agpnoticias.com\/news\/index.php?rest_route=%2Fwp%2Fv2%2Ftags&post=7570"}],"curies":[{"name":"wp","href":"https:\/\/api.w.org\/{rel}","templated":true}]}}