{"id":783,"date":"2010-11-02T10:00:46","date_gmt":"2010-11-02T17:00:46","guid":{"rendered":"http:\/\/agpnoticias.com\/news\/?p=783"},"modified":"2010-11-01T22:22:07","modified_gmt":"2010-11-02T05:22:07","slug":"28-de-noviembre-carrera-arturo-barrios","status":"publish","type":"post","link":"https:\/\/agpnoticias.com\/news\/?p=783","title":{"rendered":"28 de noviembre carrera \u00abArturo Barrios\u00bb"},"content":{"rendered":"<p>ENSENADA, Mexico.-\u00a0<span style=\"font-family: Times New Roman, serif;\"><span style=\"font-size: small;\">La quinta edici\u00f3n de la Carrera Atl\u00e9tica \u201cArturo Barrios\u201d ya tiene fecha: domingo 28 de noviembre a las 8:30 horas en Plaza Pueblo Antiguo.<\/span><\/span><\/p>\n<p><span style=\"font-family: Times New Roman, serif;\"><span style=\"font-size: small;\">Emeterio Nava Valles, promotor que rescat\u00f3 el evento realizado por m\u00e1s de una d\u00e9cada en los Estados Unidos y que lo trajo a Ensenada en 2006, inform\u00f3 que la fecha contar\u00e1 con una carrera de cinco kil\u00f3metros, una m\u00e1s de tres kil\u00f3metros y circuitos infantiles (3-12 a\u00f1os).<!--more--><\/span><\/span><\/p>\n<p><span style=\"font-family: Times New Roman, serif;\"><span style=\"font-size: small;\">Las inscripciones ser\u00e1n gratuitas, pero se vender\u00e1n camisetas alusivas a la carrera, cuya recaudaci\u00f3n se destinar\u00e1 al Colegio de Profesionales de Educaci\u00f3n F\u00edsica.<\/span><\/span><\/p>\n<p><span style=\"font-family: Times New Roman, serif;\"><span style=\"font-size: small;\">El organizador confirm\u00f3 que Arturo Barrios, uno de los mejores atletas que ha dado M\u00e9xico, asistir\u00e1 como hu\u00e9sped de honor, tal como lo ha hecho desde 2006, cuando la carrera lleg\u00f3 a Ensenada.<\/span><\/span><\/p>\n<p><span style=\"font-family: Times New Roman, serif;\"><span style=\"font-size: small;\">La carrera de cinco kil\u00f3metros presenta categor\u00edas desde los 13 hasta los m\u00e1s de 60 a\u00f1os, mientras que el recorrido de tres kil\u00f3metros es abierto.<\/span><\/span><\/p>\n<p><span style=\"font-family: Times New Roman, serif;\"><span style=\"font-size: small;\">Emeterio Nava confi\u00f3 en que la carrera registrar\u00e1 alrededor de dos mil participantes en sus tres eventos, incluida la participaci\u00f3n infantil.AGP\/STR\/Redaccion Marco Dominguez<\/span><\/span><\/p>\n","protected":false},"excerpt":{"rendered":"<p>ENSENADA, Mexico.-\u00a0La quinta edici\u00f3n de la Carrera Atl\u00e9tica \u201cArturo Barrios\u201d ya tiene fecha: domingo 28&#8230;<\/p>\n","protected":false},"author":1,"featured_media":784,"comment_status":"open","ping_status":"open","sticky":false,"template":"","format":"standard","meta":{"footnotes":""},"categories":[1,7],"tags":[],"class_list":["post-783","post","type-post","status-publish","format-standard","has-post-thumbnail","hentry","category-uncategorized","category-deportes"],"_links":{"self":[{"href":"https:\/\/agpnoticias.com\/news\/index.php?rest_route=\/wp\/v2\/posts\/783","targetHints":{"allow":["GET"]}}],"collection":[{"href":"https:\/\/agpnoticias.com\/news\/index.php?rest_route=\/wp\/v2\/posts"}],"about":[{"href":"https:\/\/agpnoticias.com\/news\/index.php?rest_route=\/wp\/v2\/types\/post"}],"author":[{"embeddable":true,"href":"https:\/\/agpnoticias.com\/news\/index.php?rest_route=\/wp\/v2\/users\/1"}],"replies":[{"embeddable":true,"href":"https:\/\/agpnoticias.com\/news\/index.php?rest_route=%2Fwp%2Fv2%2Fcomments&post=783"}],"version-history":[{"count":1,"href":"https:\/\/agpnoticias.com\/news\/index.php?rest_route=\/wp\/v2\/posts\/783\/revisions"}],"predecessor-version":[{"id":785,"href":"https:\/\/agpnoticias.com\/news\/index.php?rest_route=\/wp\/v2\/posts\/783\/revisions\/785"}],"wp:featuredmedia":[{"embeddable":true,"href":"https:\/\/agpnoticias.com\/news\/index.php?rest_route=\/wp\/v2\/media\/784"}],"wp:attachment":[{"href":"https:\/\/agpnoticias.com\/news\/index.php?rest_route=%2Fwp%2Fv2%2Fmedia&parent=783"}],"wp:term":[{"taxonomy":"category","embeddable":true,"href":"https:\/\/agpnoticias.com\/news\/index.php?rest_route=%2Fwp%2Fv2%2Fcategories&post=783"},{"taxonomy":"post_tag","embeddable":true,"href":"https:\/\/agpnoticias.com\/news\/index.php?rest_route=%2Fwp%2Fv2%2Ftags&post=783"}],"curies":[{"name":"wp","href":"https:\/\/api.w.org\/{rel}","templated":true}]}}