{"id":8083,"date":"2012-01-30T08:53:29","date_gmt":"2012-01-30T16:53:29","guid":{"rendered":"http:\/\/agpnoticias.com\/news\/?p=8083"},"modified":"2014-12-17T11:53:10","modified_gmt":"2014-12-17T19:53:10","slug":"marco-deportivo-la-historia-completa","status":"publish","type":"post","link":"https:\/\/agpnoticias.com\/news\/?p=8083","title":{"rendered":"Marco Deportivo :: La historia completa"},"content":{"rendered":"<p>El escudo, la verdad, nunca me ha gustado.<\/p>\n<p>La mascota mucho menos: los ladridos y los seres que los emiten siempre me han provocado cierta repulsi\u00f3n.<\/p>\n<p>El estadio, sigue incompleto, es una obra negra, insuficiente en relaci\u00f3n al tama\u00f1o de la demanda cada vez mayor.<!--more--><\/p>\n<p>La cancha, con su pasto sint\u00e9tico, no es ideal, por el contrario, los juegos no son lo mismo que sobre una superficie natural como sucede en los grandes escenarios del mundo.<\/p>\n<p>La historia del terreno en el que est\u00e1 ubicado el estadio, digamos que no es precisamente inmaculada u honorable.<\/p>\n<p>El se\u00f1or que se sienta en el palco de honor, a cuyo paso todos hacen reverencias, no es alguien a quien confiar\u00eda, por ejemplo, mi voto (de la misma manera que tampoco se lo confiar\u00eda a sus rivales pol\u00edticos que, torpes, dan palos de ciego en su contra).<\/p>\n<p>El festejo de cada gol, con la cerveza en pleno vuelo mojando a ni\u00f1os, mujeres y adultos de todas las edades, me parece irrespetuoso y falto de educaci\u00f3n.<\/p>\n<p>Como aficionado tengo una convicci\u00f3n firme, un equipo con el que me identifico y al cual no cambiar\u00eda por sentimentalismos regionales.<\/p>\n<p>Pero soy periodista y no puedo dejar que todo lo anterior influya en mi cr\u00f3nica o la predisponga.<\/p>\n<p>Escribo todo lo que veo y ayer empec\u00e9 a ver cosas desde muy temprano.<\/p>\n<p>Alrededor de las nueve de la ma\u00f1ana, la tienda de autoservicio a la que llegu\u00e9 con mis compa\u00f1eros, a\u00fan en Ensenada, contaba con una fila de clientes vestidos con camisas negras o rojas, dispuestos a viajar m\u00e1s de cien kil\u00f3metros.<\/p>\n<p>Saliendo de la tienda ubicada en El Sauzal cruzamos el ret\u00e9n ubicado en la primera caseta a Tijuana, donde los militares que lo resguardan resultaron ser aficionados participativos e interesados en el juego al que nos dirig\u00edamos.<\/p>\n<p>Ya en Tijuana, despu\u00e9s de compartir la carretera con autom\u00f3viles cuyos cristales y defensas luc\u00edan calcoman\u00edas con la figura del can de cuello erguido, estacionamos el auto a un costado del estadio donde todo, absolutamente todo, estaba pintado de rojo y negro.<\/p>\n<p>A nuestro paso por la zona de estacionamiento del estadio, la gente de Ensenada que encontramos all\u00e1 nos salud\u00f3 identific\u00e1ndonos por el nombre del medio para el que trabajamos.<\/p>\n<p>Al interior del estadio, las gradas ya estaban ocupadas en su totalidad, adem\u00e1s de que cientos de aficionados estaban parados en la parte superior de las mismas, ya sin butaca pero fervorosos de ser testigos del acontecimiento.<\/p>\n<p>El responsable del sonido local mencion\u00f3 los nombres de los municipios del estado y despu\u00e9s de Tijuana los decibeles subieron con mayor intensidad cuando fue saludada la afici\u00f3n de \u201c\u00a1Ensenada!\u201d.<\/p>\n<p>Al final, los locales perdieron de manera contundente el juego entre l\u00edderes ante uno de los mejores planteles de los \u00faltimos a\u00f1os.<\/p>\n<p>Santos puso las cosas en orden y los venci\u00f3 3-1.<\/p>\n<p>El estado, Baja California, tiene futbol de primera divisi\u00f3n y uno de sus municipios, Tijuana, fue sede del mejor partido de la jornada que concluy\u00f3 ayer.<\/p>\n<p>Ese es el hecho.<\/p>\n<p>Esa es la historia.<\/p>\n<p>Y a m\u00ed me corresponde escribirla sin omitir un solo cap\u00edtulo.<\/p>\n<p>Los periodistas nos dedicamos a eso, a contar las historias completas, sin sesgos, intereses, filias o fobias.<\/p>\n<p>La siguiente historia de futbol de primera divisi\u00f3n en Baja California, en quince d\u00edas, presentar\u00e1 otro gran cap\u00edtulo: los Xoloitzcuintles recibir\u00e1n al Cruz Azul.<\/p>\n<p>mdominguez@elvigia.net<\/p>\n<p>mdniebla@gmail.com<\/p>\n","protected":false},"excerpt":{"rendered":"<p>El escudo, la verdad, nunca me ha gustado. La mascota mucho menos: los ladridos y&#8230;<\/p>\n","protected":false},"author":9,"featured_media":7515,"comment_status":"closed","ping_status":"closed","sticky":false,"template":"","format":"standard","meta":{"footnotes":""},"categories":[24],"tags":[],"class_list":["post-8083","post","type-post","status-publish","format-standard","has-post-thumbnail","hentry","category-la-columna"],"_links":{"self":[{"href":"https:\/\/agpnoticias.com\/news\/index.php?rest_route=\/wp\/v2\/posts\/8083","targetHints":{"allow":["GET"]}}],"collection":[{"href":"https:\/\/agpnoticias.com\/news\/index.php?rest_route=\/wp\/v2\/posts"}],"about":[{"href":"https:\/\/agpnoticias.com\/news\/index.php?rest_route=\/wp\/v2\/types\/post"}],"author":[{"embeddable":true,"href":"https:\/\/agpnoticias.com\/news\/index.php?rest_route=\/wp\/v2\/users\/9"}],"replies":[{"embeddable":true,"href":"https:\/\/agpnoticias.com\/news\/index.php?rest_route=%2Fwp%2Fv2%2Fcomments&post=8083"}],"version-history":[{"count":2,"href":"https:\/\/agpnoticias.com\/news\/index.php?rest_route=\/wp\/v2\/posts\/8083\/revisions"}],"predecessor-version":[{"id":17226,"href":"https:\/\/agpnoticias.com\/news\/index.php?rest_route=\/wp\/v2\/posts\/8083\/revisions\/17226"}],"wp:featuredmedia":[{"embeddable":true,"href":"https:\/\/agpnoticias.com\/news\/index.php?rest_route=\/wp\/v2\/media\/7515"}],"wp:attachment":[{"href":"https:\/\/agpnoticias.com\/news\/index.php?rest_route=%2Fwp%2Fv2%2Fmedia&parent=8083"}],"wp:term":[{"taxonomy":"category","embeddable":true,"href":"https:\/\/agpnoticias.com\/news\/index.php?rest_route=%2Fwp%2Fv2%2Fcategories&post=8083"},{"taxonomy":"post_tag","embeddable":true,"href":"https:\/\/agpnoticias.com\/news\/index.php?rest_route=%2Fwp%2Fv2%2Ftags&post=8083"}],"curies":[{"name":"wp","href":"https:\/\/api.w.org\/{rel}","templated":true}]}}