{"id":8210,"date":"2012-02-02T20:52:41","date_gmt":"2012-02-03T04:52:41","guid":{"rendered":"http:\/\/agpnoticias.com\/news\/?p=8210"},"modified":"2012-02-02T20:52:41","modified_gmt":"2012-02-03T04:52:41","slug":"salon-de-la-fama-de-ensenada-ya-tiene-terreno-para-su-construccion","status":"publish","type":"post","link":"https:\/\/agpnoticias.com\/news\/?p=8210","title":{"rendered":"Salon de la Fama de Ensenada ya tiene terreno para su construccion"},"content":{"rendered":"<p>ENSENADA, Mexico.- Todo sucedi\u00f3 como ten\u00eda que ser: sin conflictos ni divisiones.<\/p>\n<p>Las ligas de futbol de Ensenada conservaron el campo dos de Ciudad Deportiva y el Consejo Directivo del Sal\u00f3n de la Fama recibir\u00e1 un nuevo espacio en la misma unidad para la construcci\u00f3n de su recinto.<\/p>\n<p>Hace unos d\u00edas, el alcalde Enrique Pelayo pospuso la entrega del campo dos a los promotores del sal\u00f3n de la fama, luego de que la pasada administraci\u00f3n municipal se los concediera tras un acuerdo de cabildo.<!--more--><\/p>\n<p>Entonces, propuso que los directivos de las ligas locales se reunieran con los integrantes del consejo directivo del pr\u00f3ximo \u201crecinto de los inmortales\u201d para llegar a un acuerdo y evitar conflictos por la posesi\u00f3n del terreno.<\/p>\n<p>Y \u00e9ste lleg\u00f3 el martes pasado en la oficina del Instituto Municipal del Deporte y Recreaci\u00f3n (Inmudere), donde el sub director de la dependencia, Alberto M\u00e9ndez Hern\u00e1ndez, ofreci\u00f3 una nueva \u00e1rea a los impulsores del Sal\u00f3n de la Fama.<\/p>\n<p>El presidente del consejo directivo, Alfredo Mar\u00edn M\u00e9ndez, acept\u00f3 junto a su comitiva cuando le fue informado que el terreno, ubicado donde actualmente se encuentran unos juegos infantiles, contar\u00e1 con la misma extensi\u00f3n, cercana a los cuatro mil metros cuadrados.<\/p>\n<p>Al final, los directivos presentes no s\u00f3lo manifestaron su aprobaci\u00f3n por conservar el campo dos para su uso, sino que adem\u00e1s se sumaron a la iniciativa del Sal\u00f3n de la Fama.<\/p>\n<p>Todos los asistentes se comprometieron a seguir de cerca el proceso que se llevar\u00e1 a cabo en cabildo para que el nuevo terreno propuesto le sea entregado a los promotores del Sal\u00f3n de la Fama.<\/p>\n<p>Presentes<\/p>\n<p>Por el Consejo del Sal\u00f3n de la Fama<\/p>\n<p>Alfredo Mar\u00edn M\u00e9ndez<\/p>\n<p>Luis Castillo Hern\u00e1ndez<\/p>\n<p>Enrique Moctezuma Cabrera<\/p>\n<p>Arturo Guerrero Soto<\/p>\n<p>Jorge Chavira Acosta<\/p>\n<p>Arturo Chi\u00f1as L\u00f3pez<\/p>\n<p>V\u00edctor Gonz\u00e1lez Vel\u00e1squez<\/p>\n<p>Por las ligas de futbol<\/p>\n<p>Liga de Veteranos: Jes\u00fas Barba Guti\u00e9rrez (presidente), Jorge Roberto Ram\u00edrez, Antonio Vel\u00e1zquez, Jos\u00e9 Luis Guevara<\/p>\n<p>Liga Infantil y Juvenil: Fernando Aceves Gonz\u00e1lez (presidente)<\/p>\n<p>Liga Unida: Hugo P\u00e9rez Abris<\/p>\n<p>AGP\/Alejandro Zepeda\/redaccion de Marco Dominguez<\/p>\n","protected":false},"excerpt":{"rendered":"<p>ENSENADA, Mexico.- Todo sucedi\u00f3 como ten\u00eda que ser: sin conflictos ni divisiones. Las ligas de&#8230;<\/p>\n","protected":false},"author":1,"featured_media":8211,"comment_status":"closed","ping_status":"closed","sticky":false,"template":"","format":"standard","meta":{"footnotes":""},"categories":[1,7],"tags":[],"class_list":["post-8210","post","type-post","status-publish","format-standard","has-post-thumbnail","hentry","category-uncategorized","category-deportes"],"_links":{"self":[{"href":"https:\/\/agpnoticias.com\/news\/index.php?rest_route=\/wp\/v2\/posts\/8210","targetHints":{"allow":["GET"]}}],"collection":[{"href":"https:\/\/agpnoticias.com\/news\/index.php?rest_route=\/wp\/v2\/posts"}],"about":[{"href":"https:\/\/agpnoticias.com\/news\/index.php?rest_route=\/wp\/v2\/types\/post"}],"author":[{"embeddable":true,"href":"https:\/\/agpnoticias.com\/news\/index.php?rest_route=\/wp\/v2\/users\/1"}],"replies":[{"embeddable":true,"href":"https:\/\/agpnoticias.com\/news\/index.php?rest_route=%2Fwp%2Fv2%2Fcomments&post=8210"}],"version-history":[{"count":1,"href":"https:\/\/agpnoticias.com\/news\/index.php?rest_route=\/wp\/v2\/posts\/8210\/revisions"}],"predecessor-version":[{"id":8212,"href":"https:\/\/agpnoticias.com\/news\/index.php?rest_route=\/wp\/v2\/posts\/8210\/revisions\/8212"}],"wp:featuredmedia":[{"embeddable":true,"href":"https:\/\/agpnoticias.com\/news\/index.php?rest_route=\/wp\/v2\/media\/8211"}],"wp:attachment":[{"href":"https:\/\/agpnoticias.com\/news\/index.php?rest_route=%2Fwp%2Fv2%2Fmedia&parent=8210"}],"wp:term":[{"taxonomy":"category","embeddable":true,"href":"https:\/\/agpnoticias.com\/news\/index.php?rest_route=%2Fwp%2Fv2%2Fcategories&post=8210"},{"taxonomy":"post_tag","embeddable":true,"href":"https:\/\/agpnoticias.com\/news\/index.php?rest_route=%2Fwp%2Fv2%2Ftags&post=8210"}],"curies":[{"name":"wp","href":"https:\/\/api.w.org\/{rel}","templated":true}]}}