{"id":8304,"date":"2012-02-11T12:35:51","date_gmt":"2012-02-11T20:35:51","guid":{"rendered":"http:\/\/agpnoticias.com\/news\/?p=8304"},"modified":"2012-02-11T12:35:51","modified_gmt":"2012-02-11T20:35:51","slug":"%e2%80%9cnene%e2%80%9d-lopez-zapiain-40-anos-%e2%80%9cbien-chiva%e2%80%9d","status":"publish","type":"post","link":"https:\/\/agpnoticias.com\/news\/?p=8304","title":{"rendered":"\u201cNene\u201d L\u00f3pez Zapiain, 40 a\u00f1os \u201cbien Chiva\u201d"},"content":{"rendered":"<p>ENSENADA, Mexico.- Primero como jugador, despu\u00e9s como auxiliar t\u00e9cnico y ahora como detector de talentos por toda la rep\u00fablica.<\/p>\n<p>En todas esas funciones, Gabriel L\u00f3pez Zapiain ha representado a las Chivas Rayadas del Guadalajara, equipo que lo contrat\u00f3 hace m\u00e1s de 40 a\u00f1os.<\/p>\n<p>Entonces, el \u201cNene\u201d destacaba con los Freseros del Irapuato, equipo de su ciudad natal, como uno de los mejores defensores centrales del futbol mexicano.<!--more--><\/p>\n<p>Su rendimiento fue seguido de cerca por el entrenador de la selecci\u00f3n mexicana de futbol, Javier de la Torre, quien lo convoc\u00f3 en 1971 para proyectarlo al equipo en el que se consagrar\u00eda como uno de los zagueros m\u00e1s regulares de esa d\u00e9cada.<\/p>\n<p>\u201cYa amarrado con Puebla, despu\u00e9s de jugar nueve a\u00f1os en mi ciudad con los Freseros, me dieron cuatro d\u00edas de descanso y me fui a Irapuato donde las Chivas estar\u00edan de visita, asist\u00ed al partido y esa misma noche recib\u00ed a una persona en mi casa que me invit\u00f3 a Guadalajara\u201d, record\u00f3.<\/p>\n<p>A partir de ese momento, el \u201cNene\u201d agradeci\u00f3 el inter\u00e9s de Puebla y acept\u00f3 la invitaci\u00f3n del emisario rojiblanco para emprender el inicio de una trayectoria que const\u00f3 de doce a\u00f1os como pilar de la zaga rojiblanca, de 1971 a 1982.<\/p>\n<p>\u201cJugar con Chivas fue muy importante, y s\u00ed, marc\u00f3 mi carrera\u201d, dijo el ahora visor que se encuentra en Ensenada para reclutar a los talentos que surtir\u00e1n la cantera tapat\u00eda.<\/p>\n<p>Doce a\u00f1os de regularidad como habitual en las alineaciones del \u201creba\u00f1o\u201d relacionaron su nombre de manera inmediata a la historia del club en el que continu\u00f3 su carrera como auxiliar t\u00e9cnico de Alberto Guerra durante la d\u00e9cada de los ochenta.<\/p>\n<p>Con el mismo entrenador emigr\u00f3 por un tiempo a los Leones Negros de la U. de G., pero m\u00e1s tarde regres\u00f3 a la estructura de fuerzas b\u00e1sicas de Chivas, donde se estableci\u00f3 a principios de la d\u00e9cada pasada con el holand\u00e9s Hans Westerhoff.<\/p>\n<p><strong>Descubridor de talento<\/strong><\/p>\n<p>Su trabajo como visor, mencion\u00f3 con orgullo, ha entregado al primer equipo rayado elementos como Alberto \u201cVenado\u201d Medina y Jorge \u201cChat\u00f3n\u201d Enr\u00edquez, adem\u00e1s de \u201ctantos que no podr\u00eda mencionarlos ahorita\u201d.<\/p>\n<p>Como detector de talentos, \u201che tenido la fortuna de que todos esos jugadores a los que encontr\u00e9 en sus inicios, todav\u00eda me saludan con un gran cari\u00f1o\u201d.<\/p>\n<p><strong>El G\u00fcero<\/strong><\/p>\n<p>Gabriel L\u00f3pez Zapiain fue contempor\u00e1neo de Jos\u00e9 Luis Real, actual titular de fuerzas b\u00e1sicas de Chivas, cuando ambos vistieron la camiseta rojiblanca en los setentas y ahora se han reencontrado como formadores de nuevas generaciones.<\/p>\n<p>\u201cLa presencia de Jos\u00e9 Luis es muy importante porque \u00e9l ha implementado un trabajo de mucho orden que involucra desde los planteles infantiles de ni\u00f1os nacidos en 2002 hasta el primer equipo\u201d, refiri\u00f3.<\/p>\n<p><strong>Eslab\u00f3n en la cantera<\/strong><\/p>\n<p>El \u201cNene\u201d L\u00f3pez Zapiain es un eslab\u00f3n b\u00e1sico en la estructura de fuerzas b\u00e1sicas, pues tiene que encontrar a los de jugadores que abastecer\u00e1n la cantera de una instituci\u00f3n especializada en la materia.<\/p>\n<p>\u201cEn un mes vemos m\u00e1s de mil jugadores, algunos de los cuales muestran grandes facultades en sus ciudades natales, pero al llegar a Chivas algo les pasa y es muy raro que alguien se quede a la primera\u201d, explic\u00f3.<\/p>\n<p>Es en ese momento, \u201cuno como visor debe darle seguimiento a ese muchacho que por algo no funcion\u00f3 en su primera visita y esperarlo a que madure\u201d.<\/p>\n<p>\u201cAs\u00ed he tenido casos de futbolistas que se han quedado en Guadalajara hasta la cuarta visita\u201d, coment\u00f3.<\/p>\n<p><strong>Requisitos<\/strong><\/p>\n<p>Las caracter\u00edsticas que buscan los visores de Chivas son \u201cgente grande y con buena t\u00e9cnica para las posiciones que forman la columna vertebral de un equipo: portero, defensa central, mediocampista y delantero\u201d.<\/p>\n<p>\u201cEn el resto de las posiciones buscamos gente con rapidez y explosividad\u201d, explic\u00f3.<\/p>\n<p><strong>Paso irregular<\/strong><\/p>\n<p>El \u201cNene\u201d L\u00f3pez Zapiain consider\u00f3 que el paso irregular que atraviesan las Chivas en estos momentos est\u00e1 basado \u201cen la mala suerte y la p\u00e9rdida de confianza\u201d.<\/p>\n<p>\u201cDe repente el equipo tiene una falla que cuesta un gol, y adelante no se aprovechan las oportunidades\u201d, opin\u00f3.<\/p>\n<p>El ex jugador rojiblanco confi\u00f3 en que cualquier resultado favorable mejorar\u00e1 el \u00e1nimo del plantel y le devolver\u00e1 la seguridad. AGP\/Marco Dominguez<\/p>\n","protected":false},"excerpt":{"rendered":"<p>ENSENADA, Mexico.- Primero como jugador, despu\u00e9s como auxiliar t\u00e9cnico y ahora como detector de talentos&#8230;<\/p>\n","protected":false},"author":1,"featured_media":8305,"comment_status":"closed","ping_status":"closed","sticky":false,"template":"","format":"standard","meta":{"footnotes":""},"categories":[1,7],"tags":[],"class_list":["post-8304","post","type-post","status-publish","format-standard","has-post-thumbnail","hentry","category-uncategorized","category-deportes"],"_links":{"self":[{"href":"https:\/\/agpnoticias.com\/news\/index.php?rest_route=\/wp\/v2\/posts\/8304","targetHints":{"allow":["GET"]}}],"collection":[{"href":"https:\/\/agpnoticias.com\/news\/index.php?rest_route=\/wp\/v2\/posts"}],"about":[{"href":"https:\/\/agpnoticias.com\/news\/index.php?rest_route=\/wp\/v2\/types\/post"}],"author":[{"embeddable":true,"href":"https:\/\/agpnoticias.com\/news\/index.php?rest_route=\/wp\/v2\/users\/1"}],"replies":[{"embeddable":true,"href":"https:\/\/agpnoticias.com\/news\/index.php?rest_route=%2Fwp%2Fv2%2Fcomments&post=8304"}],"version-history":[{"count":1,"href":"https:\/\/agpnoticias.com\/news\/index.php?rest_route=\/wp\/v2\/posts\/8304\/revisions"}],"predecessor-version":[{"id":8306,"href":"https:\/\/agpnoticias.com\/news\/index.php?rest_route=\/wp\/v2\/posts\/8304\/revisions\/8306"}],"wp:featuredmedia":[{"embeddable":true,"href":"https:\/\/agpnoticias.com\/news\/index.php?rest_route=\/wp\/v2\/media\/8305"}],"wp:attachment":[{"href":"https:\/\/agpnoticias.com\/news\/index.php?rest_route=%2Fwp%2Fv2%2Fmedia&parent=8304"}],"wp:term":[{"taxonomy":"category","embeddable":true,"href":"https:\/\/agpnoticias.com\/news\/index.php?rest_route=%2Fwp%2Fv2%2Fcategories&post=8304"},{"taxonomy":"post_tag","embeddable":true,"href":"https:\/\/agpnoticias.com\/news\/index.php?rest_route=%2Fwp%2Fv2%2Ftags&post=8304"}],"curies":[{"name":"wp","href":"https:\/\/api.w.org\/{rel}","templated":true}]}}