{"id":8499,"date":"2012-02-24T11:29:58","date_gmt":"2012-02-24T19:29:58","guid":{"rendered":"http:\/\/agpnoticias.com\/news\/?p=8499"},"modified":"2014-12-17T11:53:09","modified_gmt":"2014-12-17T19:53:09","slug":"marco-deportivo-unas-pintadas","status":"publish","type":"post","link":"https:\/\/agpnoticias.com\/news\/?p=8499","title":{"rendered":"Marco Deportivo :: U\u00f1as pintadas"},"content":{"rendered":"<p>Apenas tiene ocho a\u00f1os pero ya empieza a experimentar cosas nuevas, de ni\u00f1a mayor. Las peque\u00f1as u\u00f1as de sus peque\u00f1as manos, de repente, aparecieron bien pintadas frente a m\u00ed. Fui incapaz de llamarle la atenci\u00f3n. Ignoro el por qu\u00e9, pero, en cierto modo, la precoz coqueter\u00eda de Anael me enorgulleci\u00f3. Superado el fugaz ataque de nostalgia provocado por esa chiquilla que mientras m\u00e1s crece m\u00e1s se esmera en su arreglo personal, s\u00f3lo le recomend\u00e9 que conservara el barniz coloreado por dos d\u00edas, el fin de semana, para que el lunes volviera a la escuela sin evidencia alguna de su muy prematuro arranque pre adolescente. Sin embargo, la emoci\u00f3n que vive cada s\u00e1bado y cada domingo, entre primos y dem\u00e1s familiares maternos y paternos, la hizo olvidar la recomendaci\u00f3n. <!--more-->Fue hasta el lunes, en plena cancha de basquetbol y frente al maestro de educaci\u00f3n f\u00edsica, cuando record\u00f3 lo sugerido por su padre. Ya era muy tarde. Durante una hora sufri\u00f3, pas\u00f3 apuros para esconder la evidencia que la inculpaba. \u201cLo logr\u00e9, pero me tuve que dejar la chamarra toda la clase para esconder las manos dentro y que el profe no se diera cuenta, porque de seguro me hubiera rega\u00f1ado, es muy estricto con eso\u2026\u201d, me dijo, todav\u00eda nerviosa al recordar el momento de tensi\u00f3n, cuando pas\u00e9 por ella ese mismo lunes. Imagin\u00e9 la escena y la disfrut\u00e9. Sonre\u00ed, sin que ella se diera cuenta. Luego, camino a casa, platicamos sobre el desarrollo de la ceremonia c\u00edvica realizada ese mismo lunes, muy temprano, a las ocho. Me dijo que le gust\u00f3 verme presente en su escuela durante los honores a la bandera. Cuesti\u00f3n de trabajo, le expliqu\u00e9. Charlamos de la ni\u00f1a que ley\u00f3 un cuento frente a todo el alumnado de la primaria Mat\u00edas G\u00f3mez y despu\u00e9s tocamos el \u00faltimo punto de la ceremonia.<\/p>\n<p>Me pregunt\u00f3 por qu\u00e9 les hab\u00eda tomado fotos a esos ni\u00f1os en plena explanada de la escuela. Le cont\u00e9 que las ni\u00f1as hab\u00edan ganado el primer lugar entre todas las primarias de Ensenada en la competencia de baloncesto.<\/p>\n<p>&#8211;\u00bfY los ni\u00f1os? &#8211;me pregunt\u00f3.<\/p>\n<p>&#8211;Ellos ganaron el primer lugar de Handball entre todas las primarias de Ensenada&#8211; le inform\u00e9.<\/p>\n<p>&#8211;\u00bfSon los del profe Lorenzo? &#8211;cuestion\u00f3, como toda una experta en el tema.<\/p>\n<p>&#8211;S\u00ed, los del profe Lorenzo Peralta &#8211;le confirm\u00e9.<\/p>\n<p>&#8211;\u00bfGanaron el primer lugar de Ensenada? &#8211;me pregunt\u00f3.<\/p>\n<p>&#8211;S\u00ed, ya han ganado campeonatos nacionales de Handball, y ahora ganaron la etapa municipal y van al estatal&#8211; le respond\u00ed.<\/p>\n<p>Luego suspir\u00f3, un tanto orgullosa de haberse salido con la suya, pero segura de haber comprendido la lecci\u00f3n: el pr\u00f3ximo lunes llegar\u00e1 a la clase del profe Lorenzo, el entrenador de los campeones de Handball, con las manos bien limpias.<\/p>\n<p>mdominguez@elvigia.net<\/p>\n<p>mdniebla@gmail.com<\/p>\n","protected":false},"excerpt":{"rendered":"<p>Apenas tiene ocho a\u00f1os pero ya empieza a experimentar cosas nuevas, de ni\u00f1a mayor. Las&#8230;<\/p>\n","protected":false},"author":9,"featured_media":7515,"comment_status":"closed","ping_status":"closed","sticky":false,"template":"","format":"standard","meta":{"footnotes":""},"categories":[1,24,35],"tags":[],"class_list":["post-8499","post","type-post","status-publish","format-standard","has-post-thumbnail","hentry","category-uncategorized","category-la-columna","category-basquetbol"],"_links":{"self":[{"href":"https:\/\/agpnoticias.com\/news\/index.php?rest_route=\/wp\/v2\/posts\/8499","targetHints":{"allow":["GET"]}}],"collection":[{"href":"https:\/\/agpnoticias.com\/news\/index.php?rest_route=\/wp\/v2\/posts"}],"about":[{"href":"https:\/\/agpnoticias.com\/news\/index.php?rest_route=\/wp\/v2\/types\/post"}],"author":[{"embeddable":true,"href":"https:\/\/agpnoticias.com\/news\/index.php?rest_route=\/wp\/v2\/users\/9"}],"replies":[{"embeddable":true,"href":"https:\/\/agpnoticias.com\/news\/index.php?rest_route=%2Fwp%2Fv2%2Fcomments&post=8499"}],"version-history":[{"count":4,"href":"https:\/\/agpnoticias.com\/news\/index.php?rest_route=\/wp\/v2\/posts\/8499\/revisions"}],"predecessor-version":[{"id":17747,"href":"https:\/\/agpnoticias.com\/news\/index.php?rest_route=\/wp\/v2\/posts\/8499\/revisions\/17747"}],"wp:featuredmedia":[{"embeddable":true,"href":"https:\/\/agpnoticias.com\/news\/index.php?rest_route=\/wp\/v2\/media\/7515"}],"wp:attachment":[{"href":"https:\/\/agpnoticias.com\/news\/index.php?rest_route=%2Fwp%2Fv2%2Fmedia&parent=8499"}],"wp:term":[{"taxonomy":"category","embeddable":true,"href":"https:\/\/agpnoticias.com\/news\/index.php?rest_route=%2Fwp%2Fv2%2Fcategories&post=8499"},{"taxonomy":"post_tag","embeddable":true,"href":"https:\/\/agpnoticias.com\/news\/index.php?rest_route=%2Fwp%2Fv2%2Ftags&post=8499"}],"curies":[{"name":"wp","href":"https:\/\/api.w.org\/{rel}","templated":true}]}}