{"id":850500,"date":"2014-07-29T15:42:33","date_gmt":"2014-07-29T22:42:33","guid":{"rendered":"http:\/\/agpnoticias.com\/news\/?p=850500"},"modified":"2014-07-29T15:45:01","modified_gmt":"2014-07-29T22:45:01","slug":"otro-empastado-para-los-beisbolistas","status":"publish","type":"post","link":"https:\/\/agpnoticias.com\/news\/?p=850500","title":{"rendered":"Otro empastado para los beisbolistas"},"content":{"rendered":"<figure id=\"attachment_850506\" aria-describedby=\"caption-attachment-850506\" style=\"width: 800px\" class=\"wp-caption aligncenter\"><a href=\"http:\/\/agpnoticias.com\/news\/?attachment_id=850506\" rel=\"attachment wp-att-850506\"><img fetchpriority=\"high\" decoding=\"async\" class=\"size-full wp-image-850506\" src=\"http:\/\/agpnoticias.com\/news\/wp-content\/uploads\/2014\/07\/El-campo-de-Ciudad-Deportiva-ya-puede-ser-utilizado-tras-la-inauguraci\u00f3n-de-su-superficie-sint\u00e9tica.jpg\" alt=\"El campo de Ciudad Deportiva ya puede ser utilizado tras la inauguraci\u00f3n de su superficie sint\u00e9tica\" width=\"800\" height=\"533\" srcset=\"https:\/\/agpnoticias.com\/news\/wp-content\/uploads\/2014\/07\/El-campo-de-Ciudad-Deportiva-ya-puede-ser-utilizado-tras-la-inauguraci\u00f3n-de-su-superficie-sint\u00e9tica.jpg 800w, https:\/\/agpnoticias.com\/news\/wp-content\/uploads\/2014\/07\/El-campo-de-Ciudad-Deportiva-ya-puede-ser-utilizado-tras-la-inauguraci\u00f3n-de-su-superficie-sint\u00e9tica-200x133.jpg 200w, https:\/\/agpnoticias.com\/news\/wp-content\/uploads\/2014\/07\/El-campo-de-Ciudad-Deportiva-ya-puede-ser-utilizado-tras-la-inauguraci\u00f3n-de-su-superficie-sint\u00e9tica-600x399.jpg 600w\" sizes=\"(max-width: 800px) 100vw, 800px\" \/><\/a><figcaption id=\"caption-attachment-850506\" class=\"wp-caption-text\">El campo de Ciudad Deportiva ya puede ser utilizado tras la inauguraci\u00f3n de su superficie sint\u00e9tica<\/figcaption><\/figure>\n<p>Ensenada, Baja California.- El campo de beisbol de Ciudad Deportiva ya puede ser utilizado despu\u00e9s de la inauguraci\u00f3n de la superficie sint\u00e9tica.<\/p>\n<p>\u00abEste es el segundo campo del rey de los deportes que se inaugura en esta administraci\u00f3n municipal\u00bb, se\u00f1al\u00f3 Miguel Garc\u00eda Urias, luego de que meses atr\u00e1s se estrenara la superficie del campo Daniel Garibay en la unidad deportiva Sullivan.<\/p>\n<figure id=\"attachment_850510\" aria-describedby=\"caption-attachment-850510\" style=\"width: 320px\" class=\"wp-caption alignright\"><a href=\"http:\/\/agpnoticias.com\/news\/?attachment_id=850510\" rel=\"attachment wp-att-850510\"><img decoding=\"async\" class=\"size-medium wp-image-850510\" src=\"http:\/\/agpnoticias.com\/news\/wp-content\/uploads\/2014\/07\/Las-casetas-fueron-rehabilitadas-320x240.jpg\" alt=\"Las casetas fueron rehabilitadas\" width=\"320\" height=\"240\" srcset=\"https:\/\/agpnoticias.com\/news\/wp-content\/uploads\/2014\/07\/Las-casetas-fueron-rehabilitadas-320x240.jpg 320w, https:\/\/agpnoticias.com\/news\/wp-content\/uploads\/2014\/07\/Las-casetas-fueron-rehabilitadas-640x480.jpg 640w\" sizes=\"(max-width: 320px) 100vw, 320px\" \/><\/a><figcaption id=\"caption-attachment-850510\" class=\"wp-caption-text\">Las casetas fueron rehabilitadas<\/figcaption><\/figure>\n<p>El espacio ser\u00e1 ocupado por la Liga Municipal tanto en su categor\u00eda mayor como en la infantil y juvenil, as\u00ed como por el Sindicato de Bur\u00f3cratas y las ligas Industrial Comercial e Instruccional.<\/p>\n<p>\u00abCon esta ya son siete unidades inauguradas con recursos de Conade (Comisi\u00f3n Nacional del Deporte) y viene m\u00e1s con la rehabilitaci\u00f3n completa de la alberca semi ol\u00edmpica que est\u00e1 por concluirse y dos canchas de tenis en esta misma unidad\u00bb, coment\u00f3.<\/p>\n<p>Adem\u00e1s, \u00aben el Sullivan tenemos por estrenar una cancha de voleibol con recubrimiento y un gimnasio de acondicionamiento f\u00edsico\u00bb.<\/p>\n<p>\u00abYa se cuenta con 25 millones m\u00e1s para obra deportiva, espec\u00edficamente por parte de Conade y otros programas federales de los cuales esperamos respuesta\u00bb, agreg\u00f3.<\/p>\n<p>Por su parte, Jes\u00fas Rocha Mart\u00ednez, director de Infraestructura Municipal, inform\u00f3 que \u00abla obra recibi\u00f3 una inversi\u00f3n de 3 millones 818 mil 104 pesos con 84 centavos para los trabajos relacionados con el empastado del campo de beisbol\u00bb.<\/p>\n<figure id=\"attachment_850523\" aria-describedby=\"caption-attachment-850523\" style=\"width: 320px\" class=\"wp-caption alignleft\"><a href=\"http:\/\/agpnoticias.com\/news\/?attachment_id=850523\" rel=\"attachment wp-att-850523\"><img decoding=\"async\" class=\"size-medium wp-image-850523\" src=\"http:\/\/agpnoticias.com\/news\/wp-content\/uploads\/2014\/07\/Tambi\u00e9n-se-estrenaron-las-tres-almohadillas-320x240.jpg\" alt=\"Tambi\u00e9n se estrenaron almohadillas en cada una de las bases\" width=\"320\" height=\"240\" srcset=\"https:\/\/agpnoticias.com\/news\/wp-content\/uploads\/2014\/07\/Tambi\u00e9n-se-estrenaron-las-tres-almohadillas-320x240.jpg 320w, https:\/\/agpnoticias.com\/news\/wp-content\/uploads\/2014\/07\/Tambi\u00e9n-se-estrenaron-las-tres-almohadillas-640x480.jpg 640w\" sizes=\"(max-width: 320px) 100vw, 320px\" \/><\/a><figcaption id=\"caption-attachment-850523\" class=\"wp-caption-text\">Tambi\u00e9n se estrenaron almohadillas en cada una de las bases<\/figcaption><\/figure>\n<p>El alcalde Gilberto Hirata adelant\u00f3 que \u00abest\u00e1 por culminarse esta inversi\u00f3n de 19 millones de pesos (proveniente de Conade), adem\u00e1s de 24 millones m\u00e1s que est\u00e1n por aplicarse\u00bb.<\/p>\n<p>\u00abVamos a recuperar espacios p\u00fablicos abandonados para el beneficio de la gente y para que Ensenada vaya cambiando\u00bb, refiri\u00f3.<\/p>\n<p>Amado Peralta Espinoza represent\u00f3 a los promotores de beisbol que har\u00e1n uso del espacio y agradeci\u00f3 \u00abla muy buena disposici\u00f3n e intenci\u00f3n del presidente (municipal) de dotarnos de esta instalaci\u00f3n para nuestros chiquillos\u00bb.<\/p>\n<p>El titular de los equipos Potros tambi\u00e9n puntualiz\u00f3 la colaboraci\u00f3n de Miguel Garc\u00eda Urias como director del deporte municipal y el respaldo de sus hijos Alfonso y Alonso Peralta y el manager Ricardo Zepeda, \u00abgran impulsor del deporte infantil\u00bb.<\/p>\n<figure id=\"attachment_850527\" aria-describedby=\"caption-attachment-850527\" style=\"width: 800px\" class=\"wp-caption aligncenter\"><a href=\"http:\/\/agpnoticias.com\/news\/?attachment_id=850527\" rel=\"attachment wp-att-850527\"><img loading=\"lazy\" decoding=\"async\" class=\"size-full wp-image-850527\" src=\"http:\/\/agpnoticias.com\/news\/wp-content\/uploads\/2014\/07\/El-alcalde-y-el-manager-Amado-Peralta-cortaron-el-list\u00f3n-inaugural.jpg\" alt=\"El alcalde y el manager Amado Peralta cortaron el list\u00f3n inaugural\" width=\"800\" height=\"533\" srcset=\"https:\/\/agpnoticias.com\/news\/wp-content\/uploads\/2014\/07\/El-alcalde-y-el-manager-Amado-Peralta-cortaron-el-list\u00f3n-inaugural.jpg 800w, https:\/\/agpnoticias.com\/news\/wp-content\/uploads\/2014\/07\/El-alcalde-y-el-manager-Amado-Peralta-cortaron-el-list\u00f3n-inaugural-200x133.jpg 200w, https:\/\/agpnoticias.com\/news\/wp-content\/uploads\/2014\/07\/El-alcalde-y-el-manager-Amado-Peralta-cortaron-el-list\u00f3n-inaugural-600x399.jpg 600w\" sizes=\"(max-width: 800px) 100vw, 800px\" \/><\/a><figcaption id=\"caption-attachment-850527\" class=\"wp-caption-text\">El alcalde y el manager Amado Peralta cortaron el list\u00f3n inaugural<\/figcaption><\/figure>\n","protected":false},"excerpt":{"rendered":"<p>Ensenada, Baja California.- El campo de beisbol de Ciudad Deportiva ya puede ser utilizado despu\u00e9s&#8230;<\/p>\n","protected":false},"author":1,"featured_media":850506,"comment_status":"closed","ping_status":"closed","sticky":false,"template":"","format":"standard","meta":{"footnotes":""},"categories":[1,30,20,7,29,53],"tags":[],"class_list":["post-850500","post","type-post","status-publish","format-standard","has-post-thumbnail","hentry","category-uncategorized","category-beisbol","category-beisbol-industrial-y-comercial","category-deportes","category-liga-instruccional-de-beisbol-de-ensenada","category-municipal-de-ensenada"],"_links":{"self":[{"href":"https:\/\/agpnoticias.com\/news\/index.php?rest_route=\/wp\/v2\/posts\/850500","targetHints":{"allow":["GET"]}}],"collection":[{"href":"https:\/\/agpnoticias.com\/news\/index.php?rest_route=\/wp\/v2\/posts"}],"about":[{"href":"https:\/\/agpnoticias.com\/news\/index.php?rest_route=\/wp\/v2\/types\/post"}],"author":[{"embeddable":true,"href":"https:\/\/agpnoticias.com\/news\/index.php?rest_route=\/wp\/v2\/users\/1"}],"replies":[{"embeddable":true,"href":"https:\/\/agpnoticias.com\/news\/index.php?rest_route=%2Fwp%2Fv2%2Fcomments&post=850500"}],"version-history":[{"count":1,"href":"https:\/\/agpnoticias.com\/news\/index.php?rest_route=\/wp\/v2\/posts\/850500\/revisions"}],"predecessor-version":[{"id":850537,"href":"https:\/\/agpnoticias.com\/news\/index.php?rest_route=\/wp\/v2\/posts\/850500\/revisions\/850537"}],"wp:featuredmedia":[{"embeddable":true,"href":"https:\/\/agpnoticias.com\/news\/index.php?rest_route=\/wp\/v2\/media\/850506"}],"wp:attachment":[{"href":"https:\/\/agpnoticias.com\/news\/index.php?rest_route=%2Fwp%2Fv2%2Fmedia&parent=850500"}],"wp:term":[{"taxonomy":"category","embeddable":true,"href":"https:\/\/agpnoticias.com\/news\/index.php?rest_route=%2Fwp%2Fv2%2Fcategories&post=850500"},{"taxonomy":"post_tag","embeddable":true,"href":"https:\/\/agpnoticias.com\/news\/index.php?rest_route=%2Fwp%2Fv2%2Ftags&post=850500"}],"curies":[{"name":"wp","href":"https:\/\/api.w.org\/{rel}","templated":true}]}}