{"id":866896,"date":"2014-07-31T18:42:47","date_gmt":"2014-08-01T01:42:47","guid":{"rendered":"http:\/\/agpnoticias.com\/news\/?p=866896"},"modified":"2014-07-31T19:08:50","modified_gmt":"2014-08-01T02:08:50","slug":"transmitiran-batalla-regional","status":"publish","type":"post","link":"https:\/\/agpnoticias.com\/news\/?p=866896","title":{"rendered":"Transmitir\u00e1n \u00abBatalla Regional\u00bb"},"content":{"rendered":"<figure id=\"attachment_866948\" aria-describedby=\"caption-attachment-866948\" style=\"width: 277px\" class=\"wp-caption alignright\"><a href=\"http:\/\/agpnoticias.com\/news\/?attachment_id=866948\" rel=\"attachment wp-att-866948\"><img fetchpriority=\"high\" decoding=\"async\" class=\"size-full wp-image-866948\" src=\"http:\/\/agpnoticias.com\/news\/wp-content\/uploads\/2014\/07\/Sergio-Micky-L\u00f3pez-buscar\u00e1-otro-campeonato.jpg\" alt=\"Sergio &quot;Micky&quot; L\u00f3pez buscar\u00e1 otro campeonato\" width=\"277\" height=\"448\" srcset=\"https:\/\/agpnoticias.com\/news\/wp-content\/uploads\/2014\/07\/Sergio-Micky-L\u00f3pez-buscar\u00e1-otro-campeonato.jpg 277w, https:\/\/agpnoticias.com\/news\/wp-content\/uploads\/2014\/07\/Sergio-Micky-L\u00f3pez-buscar\u00e1-otro-campeonato-123x200.jpg 123w\" sizes=\"(max-width: 277px) 100vw, 277px\" \/><\/a><figcaption id=\"caption-attachment-866948\" class=\"wp-caption-text\">Sergio \u00abMicky\u00bb L\u00f3pez buscar\u00e1 otro campeonato<\/figcaption><\/figure>\n<p>Ensenada, Baja California.- TV Azteca Am\u00e9rica, bajo la promoci\u00f3n de la empresa Zanfer, transmitir\u00e1 la funci\u00f3n \u00abBatalla Regional\u00bb programada en el gimnasio municipal \u00d3scar \u00abTigre\u00bb Garc\u00eda el viernes 29 de agosto.<\/p>\n<p>Ese d\u00eda se pondr\u00e1n en juego un par de campeonato de la WBF con las peleas entre el local Sergio \u00abMicky\u00bb L\u00f3pez contra el invicto V\u00edctor Betancourt y el tambi\u00e9n ensenadense Carlos \u00abChema\u00bb Ocampo frente a Javier Carrera.<\/p>\n<p>\u00abLlegamos a un acuerdo con Zanfer y Azteca Am\u00e9rica para la transmisi\u00f3n de la funci\u00f3n que ser\u00e1 grabada y transmitida en fecha posterior\u00bb, inform\u00f3 Abel G\u00f3mez Cano.<\/p>\n<p>El promotor de \u00abBatalla Regional\u00bb destac\u00f3 la pelea por el campeonato intercontinental pluma de la WBF, Sergio \u00abMicky\u00bb L\u00f3pez (18-8, 10 KO\u00b4s) ante el mexicalense V\u00edctor Betancourt (16-0, 6 KO\u00b4s).<\/p>\n<p>Tambi\u00e9n vaticin\u00f3 \u00abuna gran pelea\u00bb entre el prospecto ensenadense Carlos \u00abChema\u00bb Ocampo (11-0) y Javier Carrera (13-3, 10 KO\u00b4s), quien ofreci\u00f3 uno de los mejores combates de los que se tenga memoria en Ensenada ante Mario \u00abRocky\u00bb Meraz en mayo de 2014.<\/p>\n<p>Adem\u00e1s est\u00e1 confirmado el pleito en el que C\u00e9sar \u201cMayu\u201d Garc\u00eda buscar\u00e1 revancha ante Antonio Villa, as\u00ed como el cruce entre Brian Morales y Jos\u00e9 Hern\u00e1ndez y Roberto Rivera contra Ricardo \u201cCanguro\u201d D\u00edaz.<\/p>\n<p>Juan \u201cPollo\u201d Toscano, Carlos \u201cKalimba\u201d Lozano, Alfredo Mej\u00eda y Max Flores esperan rivales, adem\u00e1s de que se disputar\u00e1n dos peleas amateurs.<\/p>\n<p>Los precios de los boletos ser\u00e1n de 300 pesos en ring side y 150 pesos en zona general.<\/p>\n","protected":false},"excerpt":{"rendered":"<p>Ensenada, Baja California.- TV Azteca Am\u00e9rica, bajo la promoci\u00f3n de la empresa Zanfer, transmitir\u00e1 la&#8230;<\/p>\n","protected":false},"author":1,"featured_media":866945,"comment_status":"closed","ping_status":"closed","sticky":false,"template":"","format":"standard","meta":{"footnotes":""},"categories":[1,36,7],"tags":[],"class_list":["post-866896","post","type-post","status-publish","format-standard","has-post-thumbnail","hentry","category-uncategorized","category-boxeo","category-deportes"],"_links":{"self":[{"href":"https:\/\/agpnoticias.com\/news\/index.php?rest_route=\/wp\/v2\/posts\/866896","targetHints":{"allow":["GET"]}}],"collection":[{"href":"https:\/\/agpnoticias.com\/news\/index.php?rest_route=\/wp\/v2\/posts"}],"about":[{"href":"https:\/\/agpnoticias.com\/news\/index.php?rest_route=\/wp\/v2\/types\/post"}],"author":[{"embeddable":true,"href":"https:\/\/agpnoticias.com\/news\/index.php?rest_route=\/wp\/v2\/users\/1"}],"replies":[{"embeddable":true,"href":"https:\/\/agpnoticias.com\/news\/index.php?rest_route=%2Fwp%2Fv2%2Fcomments&post=866896"}],"version-history":[{"count":1,"href":"https:\/\/agpnoticias.com\/news\/index.php?rest_route=\/wp\/v2\/posts\/866896\/revisions"}],"predecessor-version":[{"id":866952,"href":"https:\/\/agpnoticias.com\/news\/index.php?rest_route=\/wp\/v2\/posts\/866896\/revisions\/866952"}],"wp:featuredmedia":[{"embeddable":true,"href":"https:\/\/agpnoticias.com\/news\/index.php?rest_route=\/wp\/v2\/media\/866945"}],"wp:attachment":[{"href":"https:\/\/agpnoticias.com\/news\/index.php?rest_route=%2Fwp%2Fv2%2Fmedia&parent=866896"}],"wp:term":[{"taxonomy":"category","embeddable":true,"href":"https:\/\/agpnoticias.com\/news\/index.php?rest_route=%2Fwp%2Fv2%2Fcategories&post=866896"},{"taxonomy":"post_tag","embeddable":true,"href":"https:\/\/agpnoticias.com\/news\/index.php?rest_route=%2Fwp%2Fv2%2Ftags&post=866896"}],"curies":[{"name":"wp","href":"https:\/\/api.w.org\/{rel}","templated":true}]}}