{"id":955265,"date":"2014-08-12T16:51:01","date_gmt":"2014-08-12T23:51:01","guid":{"rendered":"http:\/\/agpnoticias.com\/news\/?p=955265"},"modified":"2014-08-12T16:53:51","modified_gmt":"2014-08-12T23:53:51","slug":"le-toman-la-palabra-a-ramon-y-cocinan-rocky-vs-sheke","status":"publish","type":"post","link":"https:\/\/agpnoticias.com\/news\/?p=955265","title":{"rendered":"Le toman la palabra a Ram\u00f3n y cocinan \u00abRocky\u00bb vs. \u00abSheke\u00bb"},"content":{"rendered":"<figure id=\"attachment_955334\" aria-describedby=\"caption-attachment-955334\" style=\"width: 800px\" class=\"wp-caption aligncenter\"><a href=\"http:\/\/agpnoticias.com\/news\/?attachment_id=955334\" rel=\"attachment wp-att-955334\"><img fetchpriority=\"high\" decoding=\"async\" class=\"size-full wp-image-955334\" src=\"http:\/\/agpnoticias.com\/news\/wp-content\/uploads\/2014\/08\/Sa\u00fal-R\u00edos-acept\u00f3-el-desaf\u00edo-lanzado-por-Ram\u00f3n-Marchena.jpg\" alt=\"Sa\u00fal R\u00edos acept\u00f3 el desaf\u00edo y pretende firmar el compromiso entre los boxeadores ensenadenses\" width=\"800\" height=\"533\" srcset=\"https:\/\/agpnoticias.com\/news\/wp-content\/uploads\/2014\/08\/Sa\u00fal-R\u00edos-acept\u00f3-el-desaf\u00edo-lanzado-por-Ram\u00f3n-Marchena.jpg 800w, https:\/\/agpnoticias.com\/news\/wp-content\/uploads\/2014\/08\/Sa\u00fal-R\u00edos-acept\u00f3-el-desaf\u00edo-lanzado-por-Ram\u00f3n-Marchena-200x133.jpg 200w, https:\/\/agpnoticias.com\/news\/wp-content\/uploads\/2014\/08\/Sa\u00fal-R\u00edos-acept\u00f3-el-desaf\u00edo-lanzado-por-Ram\u00f3n-Marchena-600x399.jpg 600w\" sizes=\"(max-width: 800px) 100vw, 800px\" \/><\/a><figcaption id=\"caption-attachment-955334\" class=\"wp-caption-text\">Sa\u00fal R\u00edos acept\u00f3 el desaf\u00edo y pretende firmar el compromiso entre los boxeadores ensenadenses<\/figcaption><\/figure>\n<p>Ensenada, Baja California.- El promotor de boxeo, Sa\u00fal R\u00edos, le ha tomado la palabra a Ram\u00f3n Marchena.<\/p>\n<p>Y a menos de 24 horas del desaf\u00edo lanzado por el entrenador de Ezequiel \u00abSheke\u00bb Avil\u00e9s, el titular de la empresa \u00abBorizteca\u00bb le propuso firmar cuanto antes el contrato para la pelea contra Mario \u00abRocky\u00bb Meraz.<\/p>\n<p>\u00abNuestra empresa le propone a Ram\u00f3n Marchena firmar el compromiso y no nada m\u00e1s dejarlo como un desaf\u00edo hablado\u00bb, indic\u00f3.<\/p>\n<p>El empresario dijo que en cuanto Mario Meraz cumpla con la pelea estelar de la funci\u00f3n \u00abTormenta en el Puerto\u00bb contra Lizandro de los Santos el viernes 15 de agosto, \u00abestamos dispuestos a preparar ese combate\u00bb.<\/p>\n<p>\u00abSi Ram\u00f3n quiere esa pelea le tomamos el reto y nosotros la promovemos\u00bb, apunt\u00f3.<\/p>\n<p>Sa\u00fal R\u00edos tambi\u00e9n discrep\u00f3 con lo dicho por Ram\u00f3n Marchena sobre los supuestos rivales a modo que son enfrentados a Mario Meraz y le recomend\u00f3 revisar los r\u00e9cords de los dos \u00faltimos rivales a los que venci\u00f3 durante su carrera como boxeador.<\/p>\n<p>Adem\u00e1s dijo estar de acuerdo en pactar la pelea en la divisi\u00f3n super ligero, condici\u00f3n mediante la cual Marchena solicit\u00f3 la pelea entre \u00abSheke\u00bb Avil\u00e9s (10-0-3, 5 KO\u00b4s) y \u00abRocky\u00bb Meraz (21-4, 17 KO\u00b4s).<\/p>\n","protected":false},"excerpt":{"rendered":"<p>Ensenada, Baja California.- El promotor de boxeo, Sa\u00fal R\u00edos, le ha tomado la palabra a&#8230;<\/p>\n","protected":false},"author":1,"featured_media":955334,"comment_status":"closed","ping_status":"closed","sticky":false,"template":"","format":"standard","meta":{"footnotes":""},"categories":[1,36,7],"tags":[],"class_list":["post-955265","post","type-post","status-publish","format-standard","has-post-thumbnail","hentry","category-uncategorized","category-boxeo","category-deportes"],"_links":{"self":[{"href":"https:\/\/agpnoticias.com\/news\/index.php?rest_route=\/wp\/v2\/posts\/955265","targetHints":{"allow":["GET"]}}],"collection":[{"href":"https:\/\/agpnoticias.com\/news\/index.php?rest_route=\/wp\/v2\/posts"}],"about":[{"href":"https:\/\/agpnoticias.com\/news\/index.php?rest_route=\/wp\/v2\/types\/post"}],"author":[{"embeddable":true,"href":"https:\/\/agpnoticias.com\/news\/index.php?rest_route=\/wp\/v2\/users\/1"}],"replies":[{"embeddable":true,"href":"https:\/\/agpnoticias.com\/news\/index.php?rest_route=%2Fwp%2Fv2%2Fcomments&post=955265"}],"version-history":[{"count":1,"href":"https:\/\/agpnoticias.com\/news\/index.php?rest_route=\/wp\/v2\/posts\/955265\/revisions"}],"predecessor-version":[{"id":955348,"href":"https:\/\/agpnoticias.com\/news\/index.php?rest_route=\/wp\/v2\/posts\/955265\/revisions\/955348"}],"wp:featuredmedia":[{"embeddable":true,"href":"https:\/\/agpnoticias.com\/news\/index.php?rest_route=\/wp\/v2\/media\/955334"}],"wp:attachment":[{"href":"https:\/\/agpnoticias.com\/news\/index.php?rest_route=%2Fwp%2Fv2%2Fmedia&parent=955265"}],"wp:term":[{"taxonomy":"category","embeddable":true,"href":"https:\/\/agpnoticias.com\/news\/index.php?rest_route=%2Fwp%2Fv2%2Fcategories&post=955265"},{"taxonomy":"post_tag","embeddable":true,"href":"https:\/\/agpnoticias.com\/news\/index.php?rest_route=%2Fwp%2Fv2%2Ftags&post=955265"}],"curies":[{"name":"wp","href":"https:\/\/api.w.org\/{rel}","templated":true}]}}