{"id":976417,"date":"2014-08-14T16:45:42","date_gmt":"2014-08-14T23:45:42","guid":{"rendered":"http:\/\/agpnoticias.com\/news\/?p=976417"},"modified":"2014-08-14T16:45:42","modified_gmt":"2014-08-14T23:45:42","slug":"todos-en-peso-para-la-tormenta-en-el-puerto","status":"publish","type":"post","link":"https:\/\/agpnoticias.com\/news\/?p=976417","title":{"rendered":"Todos en peso para la \u00abTormenta en el Puerto\u00bb"},"content":{"rendered":"<figure id=\"attachment_976438\" aria-describedby=\"caption-attachment-976438\" style=\"width: 800px\" class=\"wp-caption aligncenter\"><a href=\"http:\/\/agpnoticias.com\/news\/?attachment_id=976438\" rel=\"attachment wp-att-976438\"><img fetchpriority=\"high\" decoding=\"async\" class=\"size-full wp-image-976438\" src=\"http:\/\/agpnoticias.com\/news\/wp-content\/uploads\/2014\/08\/Alexis-Canett-y-Adri\u00e1n-N\u00fa\u00f1ez-se-medir\u00e1n-en-noche-de-invictos.jpg\" alt=\"Alexis Canett y Adri\u00e1n N\u00fa\u00f1ez se medir\u00e1n en noche de invictos\" width=\"800\" height=\"533\" srcset=\"https:\/\/agpnoticias.com\/news\/wp-content\/uploads\/2014\/08\/Alexis-Canett-y-Adri\u00e1n-N\u00fa\u00f1ez-se-medir\u00e1n-en-noche-de-invictos.jpg 800w, https:\/\/agpnoticias.com\/news\/wp-content\/uploads\/2014\/08\/Alexis-Canett-y-Adri\u00e1n-N\u00fa\u00f1ez-se-medir\u00e1n-en-noche-de-invictos-200x133.jpg 200w, https:\/\/agpnoticias.com\/news\/wp-content\/uploads\/2014\/08\/Alexis-Canett-y-Adri\u00e1n-N\u00fa\u00f1ez-se-medir\u00e1n-en-noche-de-invictos-600x399.jpg 600w\" sizes=\"(max-width: 800px) 100vw, 800px\" \/><\/a><figcaption id=\"caption-attachment-976438\" class=\"wp-caption-text\">Alexis Canett y Adri\u00e1n N\u00fa\u00f1ez se medir\u00e1n en noche de invictos<\/figcaption><\/figure>\n<p>Ensenada, Baja California.- Todo termin\u00f3 en orden. Las pocas diferencias en cuanto a peso fueron allanadas con el acuerdo entre ambas esquinas. Y despu\u00e9s de la ceremonia de pesaje, s\u00f3lo es momento de esperar el inicio de la funci\u00f3n \u00abTormenta en el Puerto\u00bb a partir de las 20:00 horas de este viernes en el gimnasio municipal \u00d3scar \u00abTigre\u00bb Garc\u00eda.<\/p>\n<p>El ensenadense Mario \u00abRocky\u00bb Meraz (65.000 kgs.) y Lizandro de los Santos (65.600), protagonistas de la pelea estelar, fueron los primeros en cumplir sobre la b\u00e1scula.<\/p>\n<figure id=\"attachment_976446\" aria-describedby=\"caption-attachment-976446\" style=\"width: 320px\" class=\"wp-caption alignright\"><a href=\"http:\/\/agpnoticias.com\/news\/?attachment_id=976446\" rel=\"attachment wp-att-976446\"><img decoding=\"async\" class=\"size-medium wp-image-976446\" src=\"http:\/\/agpnoticias.com\/news\/wp-content\/uploads\/2014\/08\/Zeus-Valenzuela-peleador-de-Jos\u00e9-Guardado-320x240.jpg\" alt=\"Zeus Valenzuela, peleador de Jos\u00e9 Guardado\" width=\"320\" height=\"240\" srcset=\"https:\/\/agpnoticias.com\/news\/wp-content\/uploads\/2014\/08\/Zeus-Valenzuela-peleador-de-Jos\u00e9-Guardado-320x240.jpg 320w, https:\/\/agpnoticias.com\/news\/wp-content\/uploads\/2014\/08\/Zeus-Valenzuela-peleador-de-Jos\u00e9-Guardado-640x480.jpg 640w\" sizes=\"(max-width: 320px) 100vw, 320px\" \/><\/a><figcaption id=\"caption-attachment-976446\" class=\"wp-caption-text\">Zeus Valenzuela, peleador de Jos\u00e9 Guardado<\/figcaption><\/figure>\n<p>Despu\u00e9s sigui\u00f3 el local Alexis \u00abPillo\u00bb Canett (63.500) junto a su rival Adri\u00e1n N\u00fa\u00f1ez (60.800), ambos con paso invicto en el profesionalismo.<\/p>\n<p>Adem\u00e1s se presentar\u00e1n dos peleas en peso semi completo y una m\u00e1s en super completo, divisiones con poca historia dentro de los funciones de box promovidas en Ensenada.<\/p>\n<p>\u00abVienen dos peleadores de Boston que se ven muy fuertes para darle a la gente de Ensenada una funci\u00f3n muy diferente. Queremos que la afici\u00f3n vaya para que pueda ver a estos boxeadores que vienen a darse con todo\u00bb, indic\u00f3 Sa\u00fal R\u00edos.<\/p>\n<p>El promotor de \u00abTormenta en el Puerto\u00bb tambi\u00e9n destac\u00f3 la pelea estelar en la que Mario Meraz \u00abpelear\u00e1 frente un rival dif\u00edcil que alguna gente ha dicho que es un bulto, pero viene con una buena experiencia contra adversarios importantes\u00bb.<\/p>\n<p>La ceremonia de pesaje fue sancionada por el presidente de la Comisi\u00f3n de Box, Lucha Libre y Kick Boxing, Iv\u00e1n \u00abChoko\u00bb Hern\u00e1ndez.<\/p>\n<figure id=\"attachment_976457\" aria-describedby=\"caption-attachment-976457\" style=\"width: 800px\" class=\"wp-caption aligncenter\"><a href=\"http:\/\/agpnoticias.com\/news\/?attachment_id=976457\" rel=\"attachment wp-att-976457\"><img decoding=\"async\" class=\"size-full wp-image-976457\" src=\"http:\/\/agpnoticias.com\/news\/wp-content\/uploads\/2014\/08\/Donnie-Davis-pelear\u00e1-contra-Vennie-Carita-en-duelo-de-norteamericanos.jpg\" alt=\"Donnie Davis pelear\u00e1 contra Vennie Carita en duelo de norteamericanos\" width=\"800\" height=\"533\" srcset=\"https:\/\/agpnoticias.com\/news\/wp-content\/uploads\/2014\/08\/Donnie-Davis-pelear\u00e1-contra-Vennie-Carita-en-duelo-de-norteamericanos.jpg 800w, https:\/\/agpnoticias.com\/news\/wp-content\/uploads\/2014\/08\/Donnie-Davis-pelear\u00e1-contra-Vennie-Carita-en-duelo-de-norteamericanos-200x133.jpg 200w, https:\/\/agpnoticias.com\/news\/wp-content\/uploads\/2014\/08\/Donnie-Davis-pelear\u00e1-contra-Vennie-Carita-en-duelo-de-norteamericanos-600x399.jpg 600w\" sizes=\"(max-width: 800px) 100vw, 800px\" \/><\/a><figcaption id=\"caption-attachment-976457\" class=\"wp-caption-text\">Donnie Davis pelear\u00e1 contra Vennie Carita en duelo de norteamericanos<\/figcaption><\/figure>\n<p><strong>Tormenta en el Puerto<\/strong><\/p>\n<p><strong>Super Ligero 10 rounds<\/strong><\/p>\n<p>Mario Meraz vs. Lizandro de los Santos<\/p>\n<p><strong>Super Ligero 6 rounds<\/strong><\/p>\n<p>Alexis \u00abPillo\u00bb Canett vs. Adri\u00e1n N\u00fa\u00f1ez<\/p>\n<p><strong>Welter 6 rounds<\/strong><\/p>\n<p>V\u00edctor \u00abSina\u00bb Fonseca vs. Juan \u00abFeroz\u00bb Valenzuela<\/p>\n<p><strong>Semi completo 6 rounds<\/strong><\/p>\n<p>Donnie Davis vs. Vennie Carita<\/p>\n<p><strong>Pluma 4 rounds<\/strong><\/p>\n<p>Adan Fiel vs. Erick Jim\u00e9nez<\/p>\n<p><strong>Super completo 4 rounds<\/strong><\/p>\n<p>Rafael R\u00edos vs. Rom\u00e1n B\u00f3rquez<\/p>\n<p><strong>Semi completo 4 rounds<\/strong><\/p>\n<p>George Escalante vs. Adri\u00e1n Montes<\/p>\n<p><strong>Welter 4 rounds<\/strong><\/p>\n<p>Zeus Valenzuela vs. Ulises Jim\u00e9nez<\/p>\n<p><strong>Super ligero 4 rounds<\/strong><\/p>\n<p>Brian Figueroa vs. Abraham M\u00e1rquez<\/p>\n","protected":false},"excerpt":{"rendered":"<p>Ensenada, Baja California.- Todo termin\u00f3 en orden. Las pocas diferencias en cuanto a peso fueron&#8230;<\/p>\n","protected":false},"author":1,"featured_media":976438,"comment_status":"closed","ping_status":"closed","sticky":false,"template":"","format":"standard","meta":{"footnotes":""},"categories":[1,36,7],"tags":[],"class_list":["post-976417","post","type-post","status-publish","format-standard","has-post-thumbnail","hentry","category-uncategorized","category-boxeo","category-deportes"],"_links":{"self":[{"href":"https:\/\/agpnoticias.com\/news\/index.php?rest_route=\/wp\/v2\/posts\/976417","targetHints":{"allow":["GET"]}}],"collection":[{"href":"https:\/\/agpnoticias.com\/news\/index.php?rest_route=\/wp\/v2\/posts"}],"about":[{"href":"https:\/\/agpnoticias.com\/news\/index.php?rest_route=\/wp\/v2\/types\/post"}],"author":[{"embeddable":true,"href":"https:\/\/agpnoticias.com\/news\/index.php?rest_route=\/wp\/v2\/users\/1"}],"replies":[{"embeddable":true,"href":"https:\/\/agpnoticias.com\/news\/index.php?rest_route=%2Fwp%2Fv2%2Fcomments&post=976417"}],"version-history":[{"count":1,"href":"https:\/\/agpnoticias.com\/news\/index.php?rest_route=\/wp\/v2\/posts\/976417\/revisions"}],"predecessor-version":[{"id":976473,"href":"https:\/\/agpnoticias.com\/news\/index.php?rest_route=\/wp\/v2\/posts\/976417\/revisions\/976473"}],"wp:featuredmedia":[{"embeddable":true,"href":"https:\/\/agpnoticias.com\/news\/index.php?rest_route=\/wp\/v2\/media\/976438"}],"wp:attachment":[{"href":"https:\/\/agpnoticias.com\/news\/index.php?rest_route=%2Fwp%2Fv2%2Fmedia&parent=976417"}],"wp:term":[{"taxonomy":"category","embeddable":true,"href":"https:\/\/agpnoticias.com\/news\/index.php?rest_route=%2Fwp%2Fv2%2Fcategories&post=976417"},{"taxonomy":"post_tag","embeddable":true,"href":"https:\/\/agpnoticias.com\/news\/index.php?rest_route=%2Fwp%2Fv2%2Ftags&post=976417"}],"curies":[{"name":"wp","href":"https:\/\/api.w.org\/{rel}","templated":true}]}}