{"id":19626,"date":"2012-11-08T13:38:36","date_gmt":"2012-11-08T20:38:36","guid":{"rendered":"http:\/\/agpnoticias.com\/news\/?p=19626"},"modified":"2012-11-18T16:44:55","modified_gmt":"2012-11-18T23:44:55","slug":"nominado-corral-el-pnd","status":"publish","type":"post","link":"https:\/\/agpnoticias.com\/news\/nominado-corral-el-pnd\/","title":{"rendered":"Nominado Corral al PND"},"content":{"rendered":"<p>M\u00e9xico, Distrito Federal.- El gimnasta ensenadense Daniel Corral Barr\u00f3n y el arquero mexicalense Luis \u201cAbuelo\u201d \u00c1lvarez est\u00e1n dentro de las nominaciones al Premio Nacional del Deporte 2012.<\/p>\n<p>La Comisi\u00f3n Nacional del Deporte (Conade) revel\u00f3 el listado de atletas considerados en el que ambos bajacalifornianos aparecen en el rubro de deporte no profesional.<!--more--><\/p>\n<p>Daniel Corral se encuentra nominado por su participaci\u00f3n en la final de barras paralelas durante los Juegos Ol\u00edmpicos de Londres, prueba en la que se ubic\u00f3 como quinto lugar.<\/p>\n<figure id=\"attachment_19628\" aria-describedby=\"caption-attachment-19628\" style=\"width: 450px\" class=\"wp-caption alignright\"><a href=\"http:\/\/agpnoticias.com\/news\/wp-content\/uploads\/2012\/11\/Luis-Abuelo-\u00c1lvarez-nominado-junto-al-equipo-mexicano-de-Tiro-con-Arco.jpg\"><img fetchpriority=\"high\" decoding=\"async\" class=\"size-large wp-image-19628\" title=\"Luis &quot;Abuelo&quot; \u00c1lvarez, nominado dentro del equipo mexicano de Tiro con Arco\" src=\"http:\/\/agpnoticias.com\/news\/wp-content\/uploads\/2012\/11\/Luis-Abuelo-\u00c1lvarez-nominado-junto-al-equipo-mexicano-de-Tiro-con-Arco-450x300.jpg\" alt=\"\" width=\"450\" height=\"300\" srcset=\"https:\/\/agpnoticias.com\/news\/wp-content\/uploads\/2012\/11\/Luis-Abuelo-\u00c1lvarez-nominado-junto-al-equipo-mexicano-de-Tiro-con-Arco-450x300.jpg 450w, https:\/\/agpnoticias.com\/news\/wp-content\/uploads\/2012\/11\/Luis-Abuelo-\u00c1lvarez-nominado-junto-al-equipo-mexicano-de-Tiro-con-Arco-300x200.jpg 300w, https:\/\/agpnoticias.com\/news\/wp-content\/uploads\/2012\/11\/Luis-Abuelo-\u00c1lvarez-nominado-junto-al-equipo-mexicano-de-Tiro-con-Arco.jpg 594w\" sizes=\"(max-width: 450px) 100vw, 450px\" \/><\/a><figcaption id=\"caption-attachment-19628\" class=\"wp-caption-text\">Luis \u00abAbuelo\u00bb \u00c1lvarez, nominado dentro del equipo mexicano de Tiro con Arco<\/figcaption><\/figure>\n<p>Por su parte, el \u201cAbuelo\u201d se encuentra nominado junto a sus compa\u00f1eros de equipo, Juan Ren\u00e9 Serrano y Eduardo V\u00e9lez, por el cuarto lugar ol\u00edmpico.<\/p>\n<p>En el rubro de deporte profesional fueron considerados el mexicalense Jorge \u201cChat\u00f3n\u201d Enr\u00edquez y el rosaritense H\u00e9ctor Herrera, ambos incluidos con el equipo mexicano de futbol que gan\u00f3 la medalla de oro en Londres 2012.<\/p>\n<p>Otro ensenadense nominado es el director del Instituto del Deporte de Jalisco, Carlos Andrade Gar\u00edn, en el rubro de fomento, protecci\u00f3n o impulso a la pr\u00e1ctica del deporte.<\/p>\n<p>&nbsp;<\/p>\n<p><strong>LISTA DE NOMINADOS<\/strong><\/p>\n<p><strong>DEPORTE NO PROFESIONAL<\/strong><strong><\/strong><\/p>\n<p>Ibone de Belausteguigoitia.- Clavados<\/p>\n<p>Grupo de medallistas ol\u00edmpicos de clavados, en Londres 2012.- Paola Espinosa S\u00e1nchez, Iv\u00e1n Garc\u00eda Navarro, Alejandra Orozco Loza, Germ\u00e1n S\u00e1nchez S\u00e1nchez, Laura S\u00e1nchez Soto.<\/p>\n<p>Paola Espinosa S\u00e1nchez y Alejandra Orozco Loza.- Clavados<\/p>\n<p>Iv\u00e1n Garc\u00eda Navarro y Germ\u00e1n S\u00e1nchez S\u00e1nchez.- Clavados<\/p>\n<p>Laura S\u00e1nchez Soto.- Clavados<\/p>\n<p>Daniel Corral Barr\u00f3n.- Gimnasia Art\u00edstica<\/p>\n<p>Sebasti\u00e1n V\u00e1zquez Colina.- Golf<\/p>\n<p>Paola Michell Longoria L\u00f3pez.- Racquetbol<\/p>\n<p>Fernando Barrera Morales.- Remo<\/p>\n<p>A\u00edda Nabile Rom\u00e1n Arroyo.- Tiro con Arco<\/p>\n<p>Mariana Avitia Mart\u00ednez.- Tiro con Arco<\/p>\n<p>Equipo ol\u00edmpico varonil de tiro con arco.- Luis Antonio \u00c1lvarez, Juan Ren\u00e9 Serrano, Eduardo V\u00e9lez.<\/p>\n<p>&nbsp;<\/p>\n<p><strong>DEPORTE PROFESIONAL<\/strong><\/p>\n<p>Equipo ol\u00edmpico ganador de oro en el Torneo de Futbol de los Juegos de Londres 2012.- Javier Ignacio Aquino Carmona; N\u00e9stor Alejandro Araujo Razo, Darvin Francisco Ch\u00e1vez Ram\u00edrez, Jos\u00e9 de Jes\u00fas Corona Rodr\u00edguez; Javier Cort\u00e9s Granados; Giovani Dos Santos Ram\u00edrez, Jorge Enriquez Garc\u00eda, Marco Jhonfai Fabi\u00e1n de la Mora, H\u00e9ctor Miguel Herrera L\u00f3pez, Israel Sabid Jim\u00e9nez Na\u00f1ez, Ra\u00fal Alonso Jim\u00e9nez Rodr\u00edguez, Hiram Ricardo Mier Alan\u00eds, Oribe Peralta Morones, Miguel \u00c1ngel Ponce Brise\u00f1o, Diego Antonio Reyes Rosales, Jos\u00e9 Antonio Rodr\u00edguez Romero, Carlos Arnoldo Salcido Flores, N\u00e9stor Vicente Vidrio Serrano.<\/p>\n<p>&nbsp;<\/p>\n<p><strong>DEPORTE PARAL\u00cdMPICO<\/strong><strong><\/strong><\/p>\n<p>Daniela Eugenia Velasco Maldonado<\/p>\n<p>Luis Alberto Zepeda F\u00e9lix<\/p>\n<p>Gustavo Ram\u00f3n S\u00e1nchez Mart\u00ednez<\/p>\n<p>&nbsp;<\/p>\n<p><strong>ENTRENADOR<\/strong><strong><\/strong><\/p>\n<p>Iv\u00e1n Bautista Vargas.- Clavados<\/p>\n<p>Francisco Javier Rueda Am\u00e9zquita.- Clavados<\/p>\n<p>Luis Fernando Tena Gardu\u00f1o.- Futbol<\/p>\n<p>Jos\u00e9 Ra\u00fal Pel\u00e1ez Ampudia.- Nataci\u00f3n (Deporte adaptado)<\/p>\n<p>&nbsp;<\/p>\n<p><strong>JUEZ-\u00c1RBITRO<\/strong><strong><\/strong><\/p>\n<p>Laura Patricia Acosta Rodr\u00edguez.- Gimnasia<\/p>\n<p>Naomi Chieko Valenzo Aoki.- Gimnasia<\/p>\n<p>Jorge Reynoso Cruz.- Taekwondo<\/p>\n<p>Miguel \u00c1ngel Ram\u00edrez Rivera.- Voleibol<\/p>\n<p>&nbsp;<\/p>\n<p><strong>PREMIO NACIONAL DE M\u00c9RITO DEPORTIVO 2012<\/strong><strong><\/strong><\/p>\n<p><strong>CANDIDATOS<\/strong><strong><\/strong><\/p>\n<p><strong>I. ACTUACI\u00d3N Y TRAYECTORIA DESTACADA EN EL DEPORTE MEXICANO<\/strong><\/p>\n<p>Mar\u00eda de los \u00c1ngeles Ortiz Hern\u00e1ndez.- Atletismo (Deporte Paral\u00edmpico)<\/p>\n<p>Ibone Arozena de Belausteguigoitia.- Clavados<\/p>\n<p>Paola Milagros Espinosa S\u00e1nchez.- Clavados<\/p>\n<p>Laura Rebeca Vaca Hern\u00e1ndez.- Nataci\u00f3n<\/p>\n<p>Paola Michell Longoria L\u00f3pez.- R\u00e1cquetbol<\/p>\n<p>Mar\u00eda del Rosario Espinoza Espinoza.- Taekwondo<\/p>\n<p>Mariana Avitia Mart\u00ednez.- Tiro con arco<\/p>\n<p>Carlos H\u00e9ctor Hidalgo Toledo.- Tiro con arco<\/p>\n<p>A\u00edda Nabile Rom\u00e1n Arroyo.- Tiro con arco<\/p>\n<p>Bertha Guti\u00e9rrez Gonz\u00e1lez.- Karate<\/p>\n<p>&nbsp;<\/p>\n<p><strong>II. FOMENTO, PROTECCI\u00d3N O IMPULSO DE LA PR\u00c1CTICA DE LOS DEPORTES<\/strong><\/p>\n<p>Mar\u00eda del Socorro Avosta Dzib<\/p>\n<p>Carlos Andrade Gar\u00edn<\/p>\n<p>Jorge Eduardo Pablo Carrillo Lavat<\/p>\n<p>Federaci\u00f3n Mexicana de Nataci\u00f3n<\/p>\n<p>Fundaci\u00f3n T\u00e9lmex A.C.<\/p>\n<p>Jos\u00e9 Mar\u00eda Rodrigo Garc\u00eda Garc\u00eda<\/p>\n<p>Eugenio Eduardo Gasca Pliego<\/p>\n<p>Miguel \u00c1ngel Hidalgo Eddy<\/p>\n<p>Andr\u00e9s Alberto Morales Hern\u00e1ndez<\/p>\n<p>Nelson Fernando Vargas Bas\u00e1\u00f1ez<\/p>\n","protected":false},"excerpt":{"rendered":"<p>M\u00e9xico, Distrito Federal.- El gimnasta ensenadense Daniel Corral Barr\u00f3n y el arquero mexicalense Luis \u201cAbuelo\u201d&#8230;<\/p>\n","protected":false},"author":1,"featured_media":19627,"comment_status":"closed","ping_status":"closed","sticky":false,"template":"","format":"standard","meta":{"footnotes":""},"categories":[1,7,46],"tags":[],"class_list":["post-19626","post","type-post","status-publish","format-standard","has-post-thumbnail","hentry","category-uncategorized","category-deportes","category-gimnasia"],"_links":{"self":[{"href":"https:\/\/agpnoticias.com\/news\/wp-json\/wp\/v2\/posts\/19626","targetHints":{"allow":["GET"]}}],"collection":[{"href":"https:\/\/agpnoticias.com\/news\/wp-json\/wp\/v2\/posts"}],"about":[{"href":"https:\/\/agpnoticias.com\/news\/wp-json\/wp\/v2\/types\/post"}],"author":[{"embeddable":true,"href":"https:\/\/agpnoticias.com\/news\/wp-json\/wp\/v2\/users\/1"}],"replies":[{"embeddable":true,"href":"https:\/\/agpnoticias.com\/news\/wp-json\/wp\/v2\/comments?post=19626"}],"version-history":[{"count":6,"href":"https:\/\/agpnoticias.com\/news\/wp-json\/wp\/v2\/posts\/19626\/revisions"}],"predecessor-version":[{"id":20064,"href":"https:\/\/agpnoticias.com\/news\/wp-json\/wp\/v2\/posts\/19626\/revisions\/20064"}],"wp:featuredmedia":[{"embeddable":true,"href":"https:\/\/agpnoticias.com\/news\/wp-json\/wp\/v2\/media\/19627"}],"wp:attachment":[{"href":"https:\/\/agpnoticias.com\/news\/wp-json\/wp\/v2\/media?parent=19626"}],"wp:term":[{"taxonomy":"category","embeddable":true,"href":"https:\/\/agpnoticias.com\/news\/wp-json\/wp\/v2\/categories?post=19626"},{"taxonomy":"post_tag","embeddable":true,"href":"https:\/\/agpnoticias.com\/news\/wp-json\/wp\/v2\/tags?post=19626"}],"curies":[{"name":"wp","href":"https:\/\/api.w.org\/{rel}","templated":true}]}}