{"id":19634,"date":"2012-11-08T14:29:31","date_gmt":"2012-11-08T21:29:31","guid":{"rendered":"http:\/\/agpnoticias.com\/news\/?p=19634"},"modified":"2012-12-24T17:41:29","modified_gmt":"2012-12-25T00:41:29","slug":"ana-isabel-a-la-regata-nacional-de-canotaje","status":"publish","type":"post","link":"https:\/\/agpnoticias.com\/news\/ana-isabel-a-la-regata-nacional-de-canotaje\/","title":{"rendered":"Ana Isabel a la Regata Nacional de Canotaje"},"content":{"rendered":"<p>Ensenada, Baja California.- La ensenadense Ana Isabel Arellano, junto a Jos\u00e9 Alfredo Cese\u00f1a Carrillo, representar\u00e1 a Baja California en la vig\u00e9sima edici\u00f3n de la Regata Nacional de Canotaje 2012, con sede en Tuxpan, Veracruz, del 16 al 18 de noviembre.<\/p>\n<p>La ganadora de cuatro medallas de oro durante la Copa Federaci\u00f3n en Cuemanco, es una de las m\u00e1ximas exponentes del Canotaje juvenil en M\u00e9xico y se encuentra pre seleccionada para el Campeonato Mundial Juvenil de 2013.<!--more--><\/p>\n<p>Ana Isabel Arellano tambi\u00e9n tuvo una actuaci\u00f3n sobresaliente en la Olimpiada Nacional 2012, competencia en la que Baja California desbanc\u00f3 del sub liderato a Jalisco con 34 medallas totales, 12 de las cuales fueron de oro.<\/p>\n<p>La federaci\u00f3n mexicana de la especialidad convoc\u00f3 a la atleta bajacaliforniana para evaluarla en el proceso de selecci\u00f3n.<\/p>\n<p>Por su parte, Jos\u00e9 Alfredo Cese\u00f1a ya est\u00e1 concentrado por la Comisi\u00f3n Nacional del Deporte en la ciudad de M\u00e9xico.<\/p>\n","protected":false},"excerpt":{"rendered":"<p>Ensenada, Baja California.- La ensenadense Ana Isabel Arellano, junto a Jos\u00e9 Alfredo Cese\u00f1a Carrillo, representar\u00e1&#8230;<\/p>\n","protected":false},"author":1,"featured_media":19636,"comment_status":"closed","ping_status":"closed","sticky":false,"template":"","format":"standard","meta":{"footnotes":""},"categories":[1,7],"tags":[],"class_list":["post-19634","post","type-post","status-publish","format-standard","has-post-thumbnail","hentry","category-uncategorized","category-deportes"],"_links":{"self":[{"href":"https:\/\/agpnoticias.com\/news\/wp-json\/wp\/v2\/posts\/19634","targetHints":{"allow":["GET"]}}],"collection":[{"href":"https:\/\/agpnoticias.com\/news\/wp-json\/wp\/v2\/posts"}],"about":[{"href":"https:\/\/agpnoticias.com\/news\/wp-json\/wp\/v2\/types\/post"}],"author":[{"embeddable":true,"href":"https:\/\/agpnoticias.com\/news\/wp-json\/wp\/v2\/users\/1"}],"replies":[{"embeddable":true,"href":"https:\/\/agpnoticias.com\/news\/wp-json\/wp\/v2\/comments?post=19634"}],"version-history":[{"count":4,"href":"https:\/\/agpnoticias.com\/news\/wp-json\/wp\/v2\/posts\/19634\/revisions"}],"predecessor-version":[{"id":21889,"href":"https:\/\/agpnoticias.com\/news\/wp-json\/wp\/v2\/posts\/19634\/revisions\/21889"}],"wp:featuredmedia":[{"embeddable":true,"href":"https:\/\/agpnoticias.com\/news\/wp-json\/wp\/v2\/media\/19636"}],"wp:attachment":[{"href":"https:\/\/agpnoticias.com\/news\/wp-json\/wp\/v2\/media?parent=19634"}],"wp:term":[{"taxonomy":"category","embeddable":true,"href":"https:\/\/agpnoticias.com\/news\/wp-json\/wp\/v2\/categories?post=19634"},{"taxonomy":"post_tag","embeddable":true,"href":"https:\/\/agpnoticias.com\/news\/wp-json\/wp\/v2\/tags?post=19634"}],"curies":[{"name":"wp","href":"https:\/\/api.w.org\/{rel}","templated":true}]}}