{"id":20598,"date":"2012-11-30T19:04:57","date_gmt":"2012-12-01T02:04:57","guid":{"rendered":"http:\/\/agpnoticias.com\/news\/?p=20598"},"modified":"2012-12-21T12:31:11","modified_gmt":"2012-12-21T19:31:11","slug":"exito-de-xolos-trabajo-en-equipo-palou","status":"publish","type":"post","link":"https:\/\/agpnoticias.com\/news\/exito-de-xolos-trabajo-en-equipo-palou\/","title":{"rendered":"\u00c9xito de Xolos, trabajo en equipo: Palou"},"content":{"rendered":"<p>Tijuana, Baja California.- Niega ser el arquitecto del proyecto. Y califica el \u00e9xito de Xoloitzcuintles como \u201cun trabajo de equipo\u201d entre jugadores, cuerpo t\u00e9cnico, directiva y afici\u00f3n.<\/p>\n<p>Lo cierto es que Ignacio Palou ha sido un elemento clave en los cimientos del Club Tijuana desde su fundaci\u00f3n en 2007.<\/p>\n<figure id=\"attachment_20612\" aria-describedby=\"caption-attachment-20612\" style=\"width: 300px\" class=\"wp-caption alignleft\"><a href=\"http:\/\/agpnoticias.com\/news\/wp-content\/uploads\/2012\/11\/Ignacio-Palou-con-Adri\u00e1n-Zerme\u00f1o-y-Jorgealberto-Hank.jpg\"><img fetchpriority=\"high\" decoding=\"async\" class=\"size-medium wp-image-20612\" title=\"Ignacio Palou con Adri\u00e1n Zerme\u00f1o y Jorgealberto Hank\" src=\"http:\/\/agpnoticias.com\/news\/wp-content\/uploads\/2012\/11\/Ignacio-Palou-con-Adri\u00e1n-Zerme\u00f1o-y-Jorgealberto-Hank-300x200.jpg\" alt=\"\" width=\"300\" height=\"200\" srcset=\"https:\/\/agpnoticias.com\/news\/wp-content\/uploads\/2012\/11\/Ignacio-Palou-con-Adri\u00e1n-Zerme\u00f1o-y-Jorgealberto-Hank-300x200.jpg 300w, https:\/\/agpnoticias.com\/news\/wp-content\/uploads\/2012\/11\/Ignacio-Palou-con-Adri\u00e1n-Zerme\u00f1o-y-Jorgealberto-Hank-450x300.jpg 450w\" sizes=\"(max-width: 300px) 100vw, 300px\" \/><\/a><figcaption id=\"caption-attachment-20612\" class=\"wp-caption-text\">Ignacio Palou con Adri\u00e1n Zerme\u00f1o y Jorgealberto Hank<\/figcaption><\/figure>\n<p>A unos d\u00edas del juego de vuelta por la final, el director deportivo de la organizaci\u00f3n presidida por Jorgealberto Hank dijo que \u201cno hay una receta secreta para el \u00e9xito, s\u00f3lo trabajo y honestidad\u201d.<\/p>\n<p>\u201cTodas las decisiones dentro del club se trabajan en conjunto, nunca se toman por una sola persona\u201d, indic\u00f3.<\/p>\n<figure id=\"attachment_20601\" aria-describedby=\"caption-attachment-20601\" style=\"width: 300px\" class=\"wp-caption alignright\"><a href=\"http:\/\/agpnoticias.com\/news\/wp-content\/uploads\/2012\/11\/Tijuana-podr\u00eda-tener-en-sus-vitrinas-este-trofeo-gracias-al-trabajo-de-equipo-seg\u00fan-dijo-Ignacio-Palou.jpg\"><img decoding=\"async\" class=\"size-medium wp-image-20601\" title=\"Tijuana podr\u00eda tener en sus vitrinas este trofeo gracias al trabajo de equipo, dijo Ignacio Palou\" src=\"http:\/\/agpnoticias.com\/news\/wp-content\/uploads\/2012\/11\/Tijuana-podr\u00eda-tener-en-sus-vitrinas-este-trofeo-gracias-al-trabajo-de-equipo-seg\u00fan-dijo-Ignacio-Palou-300x200.jpg\" alt=\"\" width=\"300\" height=\"200\" srcset=\"https:\/\/agpnoticias.com\/news\/wp-content\/uploads\/2012\/11\/Tijuana-podr\u00eda-tener-en-sus-vitrinas-este-trofeo-gracias-al-trabajo-de-equipo-seg\u00fan-dijo-Ignacio-Palou-300x200.jpg 300w, https:\/\/agpnoticias.com\/news\/wp-content\/uploads\/2012\/11\/Tijuana-podr\u00eda-tener-en-sus-vitrinas-este-trofeo-gracias-al-trabajo-de-equipo-seg\u00fan-dijo-Ignacio-Palou-450x300.jpg 450w\" sizes=\"(max-width: 300px) 100vw, 300px\" \/><\/a><figcaption id=\"caption-attachment-20601\" class=\"wp-caption-text\">Tijuana podr\u00eda tener en sus vitrinas este trofeo gracias al trabajo de equipo, dijo Ignacio Palou<\/figcaption><\/figure>\n<p>Para Nacho Palou estar cerca del campeonato en la primera divisi\u00f3n, tras coronarse en la Liga de Ascenso hace a\u00f1o y medio, ha sido m\u00e9rito, sobre todo, de los futbolistas.<\/p>\n<p>\u201cLos jugadores que han llegado se sienten c\u00f3modos, protegidos, valorados por la instituci\u00f3n, porque son seres humanos ejemplares\u201d, apunt\u00f3.<\/p>\n<figure id=\"attachment_20609\" aria-describedby=\"caption-attachment-20609\" style=\"width: 300px\" class=\"wp-caption alignleft\"><a href=\"http:\/\/agpnoticias.com\/news\/wp-content\/uploads\/2012\/11\/Antonio-Mohamed-t\u00e9cnico-de-Xolos-busca-darle-al-equipo-su-primer-t\u00edtulo-en-el-m\u00e1ximo-circuito1.jpg\"><img decoding=\"async\" class=\"size-medium wp-image-20609\" title=\"Antonio Mohamed, t\u00e9cnico de Xolos, busca darle al equipo su primer t\u00edtulo en el m\u00e1ximo circuito\" src=\"http:\/\/agpnoticias.com\/news\/wp-content\/uploads\/2012\/11\/Antonio-Mohamed-t\u00e9cnico-de-Xolos-busca-darle-al-equipo-su-primer-t\u00edtulo-en-el-m\u00e1ximo-circuito1-300x200.jpg\" alt=\"\" width=\"300\" height=\"200\" srcset=\"https:\/\/agpnoticias.com\/news\/wp-content\/uploads\/2012\/11\/Antonio-Mohamed-t\u00e9cnico-de-Xolos-busca-darle-al-equipo-su-primer-t\u00edtulo-en-el-m\u00e1ximo-circuito1-300x200.jpg 300w, https:\/\/agpnoticias.com\/news\/wp-content\/uploads\/2012\/11\/Antonio-Mohamed-t\u00e9cnico-de-Xolos-busca-darle-al-equipo-su-primer-t\u00edtulo-en-el-m\u00e1ximo-circuito1-450x300.jpg 450w\" sizes=\"(max-width: 300px) 100vw, 300px\" \/><\/a><figcaption id=\"caption-attachment-20609\" class=\"wp-caption-text\">Antonio Mohamed, t\u00e9cnico de Xolos, busca darle al equipo su primer t\u00edtulo en el m\u00e1ximo circuito<\/figcaption><\/figure>\n<p>En Tijuana, explic\u00f3, \u201cencontr\u00e9 una tierra f\u00e9rtil y desde un principio pensamos en llegar a la primera divisi\u00f3n a pelear por cosas importantes; todo se ha dado muy r\u00e1pido con la qu\u00edmica perfecta entre la gente que labora en el club, todos con una gran calidad y humildad\u201d.<\/p>\n<p>Otro logro de la directiva de Xoloitzcuintles fue la contrataci\u00f3n de Antonio Mohamed cuando Joaqu\u00edn del Olmo fue cesado despu\u00e9s de ascender al equipo y carecer de resultados ya en la primera divisi\u00f3n.<\/p>\n<figure id=\"attachment_20610\" aria-describedby=\"caption-attachment-20610\" style=\"width: 300px\" class=\"wp-caption alignright\"><a href=\"http:\/\/agpnoticias.com\/news\/wp-content\/uploads\/2012\/11\/La-afici\u00f3n-ha-llenado-el-Estadio-Caliente-durante-su-estad\u00eda-en-la-primera-divisi\u00f3n1.jpg\"><img loading=\"lazy\" decoding=\"async\" class=\"size-medium wp-image-20610\" title=\"La afici\u00f3n ha llenado el Estadio Caliente durante su estad\u00eda en la primera divisi\u00f3n\" src=\"http:\/\/agpnoticias.com\/news\/wp-content\/uploads\/2012\/11\/La-afici\u00f3n-ha-llenado-el-Estadio-Caliente-durante-su-estad\u00eda-en-la-primera-divisi\u00f3n1-300x200.jpg\" alt=\"\" width=\"300\" height=\"200\" srcset=\"https:\/\/agpnoticias.com\/news\/wp-content\/uploads\/2012\/11\/La-afici\u00f3n-ha-llenado-el-Estadio-Caliente-durante-su-estad\u00eda-en-la-primera-divisi\u00f3n1-300x200.jpg 300w, https:\/\/agpnoticias.com\/news\/wp-content\/uploads\/2012\/11\/La-afici\u00f3n-ha-llenado-el-Estadio-Caliente-durante-su-estad\u00eda-en-la-primera-divisi\u00f3n1-450x300.jpg 450w\" sizes=\"(max-width: 300px) 100vw, 300px\" \/><\/a><figcaption id=\"caption-attachment-20610\" class=\"wp-caption-text\">La afici\u00f3n ha llenado el Estadio Caliente durante su estad\u00eda en la primera divisi\u00f3n<\/figcaption><\/figure>\n<p>\u201cEl \u00b4Turco\u00b4 ten\u00eda una sed de revancha, ya que en sus anteriores experiencias en M\u00e9xico no le hab\u00edan dado continuidad, pero nosotros sab\u00edamos que en su pa\u00eds es un t\u00e9cnico exitoso, campe\u00f3n de la Copa Sudamericana\u201d, explic\u00f3.<\/p>\n<p>Adem\u00e1s, \u201cconoce nuestro medio y es una persona valiente que le transmite ese valor al plantel. \u00c9l le ha dado una identidad al equipo\u201d.<\/p>\n<p>Para completar el c\u00edrculo, el directivo de Xolos consider\u00f3 que en poco m\u00e1s de un a\u00f1o la afici\u00f3n de Baja California se ha convertido en una de las mejores del pa\u00eds.<\/p>\n<p>\u201cEn 2007 dije que nos podr\u00edamos convertir en la mejor afici\u00f3n y lo estamos cumpliendo, el p\u00fablico pes\u00f3 en semifinales y en la final, ha sido un jugador m\u00e1s dentro de la cancha por esa necesidad que exist\u00eda de sentir ese sentido de pertenencia con su equipo\u201d, agreg\u00f3.<\/p>\n<p>Hasta el momento \u201ctodo ha sido un verdadero sue\u00f1o y esperemos que el domingo (en la final de vuelta ante Toluca) podamos completar esa \u00faltima p\u00e1gina que nos falta\u201d.<\/p>\n","protected":false},"excerpt":{"rendered":"<p>Tijuana, Baja California.- Niega ser el arquitecto del proyecto. Y califica el \u00e9xito de Xoloitzcuintles&#8230;<\/p>\n","protected":false},"author":1,"featured_media":20614,"comment_status":"closed","ping_status":"closed","sticky":false,"template":"","format":"standard","meta":{"footnotes":""},"categories":[1,7,32,17],"tags":[],"class_list":["post-20598","post","type-post","status-publish","format-standard","has-post-thumbnail","hentry","category-uncategorized","category-deportes","category-soccer","category-xolos-de-tijuana"],"_links":{"self":[{"href":"https:\/\/agpnoticias.com\/news\/wp-json\/wp\/v2\/posts\/20598","targetHints":{"allow":["GET"]}}],"collection":[{"href":"https:\/\/agpnoticias.com\/news\/wp-json\/wp\/v2\/posts"}],"about":[{"href":"https:\/\/agpnoticias.com\/news\/wp-json\/wp\/v2\/types\/post"}],"author":[{"embeddable":true,"href":"https:\/\/agpnoticias.com\/news\/wp-json\/wp\/v2\/users\/1"}],"replies":[{"embeddable":true,"href":"https:\/\/agpnoticias.com\/news\/wp-json\/wp\/v2\/comments?post=20598"}],"version-history":[{"count":6,"href":"https:\/\/agpnoticias.com\/news\/wp-json\/wp\/v2\/posts\/20598\/revisions"}],"predecessor-version":[{"id":21563,"href":"https:\/\/agpnoticias.com\/news\/wp-json\/wp\/v2\/posts\/20598\/revisions\/21563"}],"wp:featuredmedia":[{"embeddable":true,"href":"https:\/\/agpnoticias.com\/news\/wp-json\/wp\/v2\/media\/20614"}],"wp:attachment":[{"href":"https:\/\/agpnoticias.com\/news\/wp-json\/wp\/v2\/media?parent=20598"}],"wp:term":[{"taxonomy":"category","embeddable":true,"href":"https:\/\/agpnoticias.com\/news\/wp-json\/wp\/v2\/categories?post=20598"},{"taxonomy":"post_tag","embeddable":true,"href":"https:\/\/agpnoticias.com\/news\/wp-json\/wp\/v2\/tags?post=20598"}],"curies":[{"name":"wp","href":"https:\/\/api.w.org\/{rel}","templated":true}]}}