{"id":24518,"date":"2013-02-25T12:25:24","date_gmt":"2013-02-25T19:25:24","guid":{"rendered":"http:\/\/agpnoticias.com\/news\/?p=24518"},"modified":"2013-02-25T18:56:29","modified_gmt":"2013-02-26T01:56:29","slug":"marineros-a-la-conquista-del-puerto-con-donald-canedo","status":"publish","type":"post","link":"https:\/\/agpnoticias.com\/news\/marineros-a-la-conquista-del-puerto-con-donald-canedo\/","title":{"rendered":"Marineros a \u201cLa conquista del puerto\u201d con Donald Ca\u00f1edo"},"content":{"rendered":"<figure id=\"attachment_24520\" aria-describedby=\"caption-attachment-24520\" style=\"width: 640px\" class=\"wp-caption aligncenter\"><a href=\"http:\/\/agpnoticias.com\/news\/?attachment_id=24520\" rel=\"attachment wp-att-24520\"><img fetchpriority=\"high\" decoding=\"async\" class=\"size-full wp-image-24520\" alt=\"La directiva de Marineros present\u00f3 los avances para la temporada 2013\" src=\"http:\/\/agpnoticias.com\/news\/wp-content\/uploads\/2013\/02\/20130225_marineros-2.jpg\" width=\"640\" height=\"428\" srcset=\"https:\/\/agpnoticias.com\/news\/wp-content\/uploads\/2013\/02\/20130225_marineros-2.jpg 640w, https:\/\/agpnoticias.com\/news\/wp-content\/uploads\/2013\/02\/20130225_marineros-2-200x133.jpg 200w\" sizes=\"(max-width: 640px) 100vw, 640px\" \/><\/a><figcaption id=\"caption-attachment-24520\" class=\"wp-caption-text\">La directiva de Marineros present\u00f3 los avances para la temporada 2013<\/figcaption><\/figure>\n<p>Ensenada, Baja California.- Donald Ca\u00f1edo regresar\u00e1 para buscar su segundo campeonato como manager de Marineros de Ensenada durante la temporada 2013 de la Liga de Beisbol Norte de M\u00e9xico.<\/p>\n<p>Con el lema \u201cLa conquista del puerto\u201d, la directiva del club local present\u00f3 al timonel que ya gan\u00f3 el campeonato con Marineros en 2010 y que iniciar\u00e1 pr\u00e1cticas el 19 de marzo.<\/p>\n<p>Los peloteros extranjeros ya confirmados son Uriak M\u00e1rquez, Isa\u00edas Ascencio y el lanzador Jos\u00e9 Escalona, as\u00ed como el jugador local Nick Guerra.<\/p>\n<figure id=\"attachment_24521\" aria-describedby=\"caption-attachment-24521\" style=\"width: 193px\" class=\"wp-caption alignleft\"><a href=\"http:\/\/agpnoticias.com\/news\/?attachment_id=24521\" rel=\"attachment wp-att-24521\"><img decoding=\"async\" class=\" wp-image-24521 \" alt=\"Juan Manuel Arellano le dio la bienvenida a Donald Ca\u00f1edo\" src=\"http:\/\/agpnoticias.com\/news\/wp-content\/uploads\/2013\/02\/20130225_marineros-1.jpg\" width=\"193\" height=\"288\" \/><\/a><figcaption id=\"caption-attachment-24521\" class=\"wp-caption-text\">Juan Manuel Arellano le dio la bienvenida a Donald Ca\u00f1edo<\/figcaption><\/figure>\n<p>Juan Manuel Arellano, presidente del equipo que defender\u00e1 el campeonato en la temporada 2013, inform\u00f3 que la elecci\u00f3n de Donald Ca\u00f1edo se debe a que \u201cha demostrado ser triunfador\u201d con el t\u00edtulo en Ensenada durante 2010 y el sub campeonato que obtuvo con Puerto Pe\u00f1asco en 2012.<\/p>\n<p>\u201cTendremos una excelente temporada\u201d, pronostic\u00f3 el directivo, al confirmar que Marineros mantendr\u00e1 convenio de trabajo con Diablos Rojos del M\u00e9xico y Guerreros de Oaxaca, cuyos prospectos llegar\u00e1n a Ensenada.<\/p>\n<p>Jos\u00e9 \u00c1guila S\u00e1ndez, gerente de Marineros, inform\u00f3 que las pr\u00e1cticas ser\u00e1n en el campo Manuela M\u00e1rquez de Chapultepec con el regreso de dos bateadores consolidados como el venezolano Uriak M\u00e1rquez y el dominicano Isa\u00edas Ascencio, adem\u00e1s del relevista, tambi\u00e9n de Venezuela, Jos\u00e9 Escalona.<\/p>\n<p>\u201cDurante el transcurso de mes se definir\u00e1 la lista de jugadores que vienen a Ensenada de Diablos y Guerreros, con la ventaja de que (Ca\u00f1edo) conoce a los j\u00f3venes que vendr\u00e1n al equipo\u201d, como Carlos Garz\u00f3n, Julio C\u00e9sar Vel\u00e1zquez y el ensenadense Memo Mancilla.<\/p>\n<p>El cuerpo t\u00e9cnico se completar\u00e1 con los coaches C\u00e9sar B\u00e1ez y Abelardo Beltr\u00e1n, as\u00ed como el responsable de pitcheo \u00c9dgar Aguilera.<\/p>\n<p>\u201cDonald nos va a poner a correr a la gente con un beisbol muy din\u00e1mico\u201d, vaticin\u00f3.<\/p>\n<figure id=\"attachment_24526\" aria-describedby=\"caption-attachment-24526\" style=\"width: 320px\" class=\"wp-caption alignright\"><a href=\"http:\/\/agpnoticias.com\/news\/?attachment_id=24526\" rel=\"attachment wp-att-24526\"><img decoding=\"async\" class=\"size-medium wp-image-24526\" alt=\"Esta es la imagen elegida por Marineros para enfrentar la temporada 2013\" src=\"http:\/\/agpnoticias.com\/news\/wp-content\/uploads\/2013\/02\/Esta-es-la-imagen-elegida-por-Marineros-para-enfrentar-la-temporada-2013-320x240.jpg\" width=\"320\" height=\"240\" \/><\/a><figcaption id=\"caption-attachment-24526\" class=\"wp-caption-text\">Esta es la imagen elegida por Marineros para enfrentar la temporada 2013<\/figcaption><\/figure>\n<p>El manager de Marineros, por su parte, dijo que llega \u201ccon todas las ganas ante el reto de quedar campeones\u201d con un estilo de juego \u201cde mucha energ\u00eda\u201d.<\/p>\n<p>\u201cEs un placer estar en una ciudad donde me siento como en casa\u201d y \u201cespero quedar campe\u00f3n de nuevo\u201d.<\/p>\n<p>Presente en el acto, el delegado de la Secretar\u00eda de Desarrollo Social en Ensenada, Ren\u00e9 Villa Mart\u00ednez, garantiz\u00f3 que el uso compartido del deportivo Antonio entre la Liga Municipal y Marineros se llevar\u00e1 a cabo en armon\u00eda.<\/p>\n<p>El funcionario adelant\u00f3 que el Gobernador Jos\u00e9 Guadalupe Osuna Mill\u00e1n estar\u00e1 en Ensenada dentro de algunos d\u00edas para entregar a la organizaci\u00f3n un recurso cuyo monto \u201ces una sorpresa\u201d.<\/p>\n<p>La temporada iniciar\u00e1 el 3 de abril con la visita de Marineros a Freseros de San Quint\u00edn, quienes pagar\u00e1n la visita al d\u00eda siguiente.<\/p>\n","protected":false},"excerpt":{"rendered":"<p>Ensenada, Baja California.- Donald Ca\u00f1edo regresar\u00e1 para buscar su segundo campeonato como manager de Marineros&#8230;<\/p>\n","protected":false},"author":1,"featured_media":24520,"comment_status":"closed","ping_status":"closed","sticky":false,"template":"","format":"standard","meta":{"footnotes":""},"categories":[1,30,7,18],"tags":[],"class_list":["post-24518","post","type-post","status-publish","format-standard","has-post-thumbnail","hentry","category-uncategorized","category-beisbol","category-deportes","category-marineros-de-ensenada"],"_links":{"self":[{"href":"https:\/\/agpnoticias.com\/news\/wp-json\/wp\/v2\/posts\/24518","targetHints":{"allow":["GET"]}}],"collection":[{"href":"https:\/\/agpnoticias.com\/news\/wp-json\/wp\/v2\/posts"}],"about":[{"href":"https:\/\/agpnoticias.com\/news\/wp-json\/wp\/v2\/types\/post"}],"author":[{"embeddable":true,"href":"https:\/\/agpnoticias.com\/news\/wp-json\/wp\/v2\/users\/1"}],"replies":[{"embeddable":true,"href":"https:\/\/agpnoticias.com\/news\/wp-json\/wp\/v2\/comments?post=24518"}],"version-history":[{"count":8,"href":"https:\/\/agpnoticias.com\/news\/wp-json\/wp\/v2\/posts\/24518\/revisions"}],"predecessor-version":[{"id":24548,"href":"https:\/\/agpnoticias.com\/news\/wp-json\/wp\/v2\/posts\/24518\/revisions\/24548"}],"wp:featuredmedia":[{"embeddable":true,"href":"https:\/\/agpnoticias.com\/news\/wp-json\/wp\/v2\/media\/24520"}],"wp:attachment":[{"href":"https:\/\/agpnoticias.com\/news\/wp-json\/wp\/v2\/media?parent=24518"}],"wp:term":[{"taxonomy":"category","embeddable":true,"href":"https:\/\/agpnoticias.com\/news\/wp-json\/wp\/v2\/categories?post=24518"},{"taxonomy":"post_tag","embeddable":true,"href":"https:\/\/agpnoticias.com\/news\/wp-json\/wp\/v2\/tags?post=24518"}],"curies":[{"name":"wp","href":"https:\/\/api.w.org\/{rel}","templated":true}]}}