{"id":24900,"date":"2013-03-03T18:38:20","date_gmt":"2013-03-04T01:38:20","guid":{"rendered":"http:\/\/agpnoticias.com\/news\/?p=24900"},"modified":"2013-03-03T18:39:06","modified_gmt":"2013-03-04T01:39:06","slug":"cumple-issmael-par-de-deseos","status":"publish","type":"post","link":"https:\/\/agpnoticias.com\/news\/cumple-issmael-par-de-deseos\/","title":{"rendered":"Cumple Issmael par de deseos"},"content":{"rendered":"<figure id=\"attachment_24901\" aria-describedby=\"caption-attachment-24901\" style=\"width: 640px\" class=\"wp-caption aligncenter\"><a href=\"http:\/\/agpnoticias.com\/news\/?attachment_id=24901\" rel=\"attachment wp-att-24901\"><img fetchpriority=\"high\" decoding=\"async\" class=\"size-full wp-image-24901\" alt=\"El pelotero tijuanense record\u00f3 sus inicios como seleccionado bajo las \u00f3rdenes de Alberto Mancilla\" src=\"http:\/\/agpnoticias.com\/news\/wp-content\/uploads\/2013\/03\/El-pelotero-tijuanense-record\u00f3-sus-inicios-como-seleccionado-bajo-las-\u00f3rdenes-de-Alberto-Mancilla.jpg\" width=\"640\" height=\"399\" srcset=\"https:\/\/agpnoticias.com\/news\/wp-content\/uploads\/2013\/03\/El-pelotero-tijuanense-record\u00f3-sus-inicios-como-seleccionado-bajo-las-\u00f3rdenes-de-Alberto-Mancilla.jpg 640w, https:\/\/agpnoticias.com\/news\/wp-content\/uploads\/2013\/03\/El-pelotero-tijuanense-record\u00f3-sus-inicios-como-seleccionado-bajo-las-\u00f3rdenes-de-Alberto-Mancilla-200x124.jpg 200w\" sizes=\"(max-width: 640px) 100vw, 640px\" \/><\/a><figcaption id=\"caption-attachment-24901\" class=\"wp-caption-text\">El pelotero tijuanense record\u00f3 sus inicios como seleccionado bajo las \u00f3rdenes de Alberto Mancilla<\/figcaption><\/figure>\n<p>Ensenada, Baja California.- Antes de reportar con Saraperos de Saltillo, Issmael Salas quiso darse el gusto de compartir equipo junto a su hermano Alex y al mismo tiempo ser dirigido despu\u00e9s de varios a\u00f1os por Alberto Mancilla Ponce.<\/p>\n<figure id=\"attachment_24902\" aria-describedby=\"caption-attachment-24902\" style=\"width: 320px\" class=\"wp-caption alignright\"><a href=\"http:\/\/agpnoticias.com\/news\/?attachment_id=24902\" rel=\"attachment wp-att-24902\"><img decoding=\"async\" class=\"size-medium wp-image-24902\" alt=\"Issmael Salas jug\u00f3 en Ensenada con Mariscos\" src=\"http:\/\/agpnoticias.com\/news\/wp-content\/uploads\/2013\/03\/Issmael-Salas-jug\u00f3-en-Ensenada-con-Mariscos-320x240.jpg\" width=\"320\" height=\"240\" \/><\/a><figcaption id=\"caption-attachment-24902\" class=\"wp-caption-text\">Issmael Salas jug\u00f3 en Ensenada con Mariscos<\/figcaption><\/figure>\n<p>A ra\u00edz de la relaci\u00f3n con el manager de Mariscos Bah\u00eda, \u201cuna noche acudimos a cenar a su restaurant y entonces surgi\u00f3 la idea de que Agust\u00edn (Murillo) y yo particip\u00e1ramos con dos de los equipos de la liga, sin afectar la otra semifinal\u201d.<\/p>\n<p>\u201cDon Alberto se emocion\u00f3 y acept\u00f3 inmediatamente porque los dos fuimos dirigidos por \u00e9l antes de jugar a nivel profesional\u201d, explic\u00f3.<\/p>\n<p>La alineaci\u00f3n de Issmael Salas con Mariscos Bah\u00eda y de Agust\u00edn Murillo por Delfines \u201ces una manera de pagarle a esa gente que nos dio un empujoncito para estar donde estamos, y, sin duda, el se\u00f1or Mancilla ha sido una gran influencia en la carrera de muchos peloteros\u201d.<\/p>\n<p>En Mariscos Bah\u00eda, equipo al que reforz\u00f3 este domingo, se encuentra su hermano Alex Salas, quien \u201cpor desgracia no pudo jugar hoy debido a una lesi\u00f3n en el hombro\u201d.<\/p>\n<p>Aunque se encuentra suspendido por consumo de sustancias prohibidas, Issmael Salas, ex \u00c1guila de Mexicali y Venado de Mazatl\u00e1n, reportar\u00e1 con Saraperos, su equipo en el verano.<\/p>\n","protected":false},"excerpt":{"rendered":"<p>Ensenada, Baja California.- Antes de reportar con Saraperos de Saltillo, Issmael Salas quiso darse el&#8230;<\/p>\n","protected":false},"author":1,"featured_media":24901,"comment_status":"closed","ping_status":"closed","sticky":false,"template":"","format":"standard","meta":{"footnotes":""},"categories":[30,20,7],"tags":[],"class_list":["post-24900","post","type-post","status-publish","format-standard","has-post-thumbnail","hentry","category-beisbol","category-beisbol-industrial-y-comercial","category-deportes"],"_links":{"self":[{"href":"https:\/\/agpnoticias.com\/news\/wp-json\/wp\/v2\/posts\/24900","targetHints":{"allow":["GET"]}}],"collection":[{"href":"https:\/\/agpnoticias.com\/news\/wp-json\/wp\/v2\/posts"}],"about":[{"href":"https:\/\/agpnoticias.com\/news\/wp-json\/wp\/v2\/types\/post"}],"author":[{"embeddable":true,"href":"https:\/\/agpnoticias.com\/news\/wp-json\/wp\/v2\/users\/1"}],"replies":[{"embeddable":true,"href":"https:\/\/agpnoticias.com\/news\/wp-json\/wp\/v2\/comments?post=24900"}],"version-history":[{"count":3,"href":"https:\/\/agpnoticias.com\/news\/wp-json\/wp\/v2\/posts\/24900\/revisions"}],"predecessor-version":[{"id":24905,"href":"https:\/\/agpnoticias.com\/news\/wp-json\/wp\/v2\/posts\/24900\/revisions\/24905"}],"wp:featuredmedia":[{"embeddable":true,"href":"https:\/\/agpnoticias.com\/news\/wp-json\/wp\/v2\/media\/24901"}],"wp:attachment":[{"href":"https:\/\/agpnoticias.com\/news\/wp-json\/wp\/v2\/media?parent=24900"}],"wp:term":[{"taxonomy":"category","embeddable":true,"href":"https:\/\/agpnoticias.com\/news\/wp-json\/wp\/v2\/categories?post=24900"},{"taxonomy":"post_tag","embeddable":true,"href":"https:\/\/agpnoticias.com\/news\/wp-json\/wp\/v2\/tags?post=24900"}],"curies":[{"name":"wp","href":"https:\/\/api.w.org\/{rel}","templated":true}]}}