{"id":24934,"date":"2013-03-04T16:16:51","date_gmt":"2013-03-04T23:16:51","guid":{"rendered":"http:\/\/agpnoticias.com\/news\/?p=24934"},"modified":"2013-03-04T16:16:51","modified_gmt":"2013-03-04T23:16:51","slug":"esta-de-vuelta-el-chico-malo-en-baja","status":"publish","type":"post","link":"https:\/\/agpnoticias.com\/news\/esta-de-vuelta-el-chico-malo-en-baja\/","title":{"rendered":"Est\u00e1 de vuelta el \u201cChico malo\u201d en Baja"},"content":{"rendered":"<figure id=\"attachment_24935\" aria-describedby=\"caption-attachment-24935\" style=\"width: 640px\" class=\"wp-caption aligncenter\"><a href=\"http:\/\/agpnoticias.com\/news\/?attachment_id=24935\" rel=\"attachment wp-att-24935\"><img fetchpriority=\"high\" decoding=\"async\" class=\"size-full wp-image-24935\" alt=\"Jesse James estar\u00e1 de vuelta en Baja California tras casi un a\u00f1o de ausencia\" src=\"http:\/\/agpnoticias.com\/news\/wp-content\/uploads\/2013\/03\/Jesse-James-estar\u00e1-de-vuelta-en-Baja-California-tras-casi-un-a\u00f1o-de-ausencia.jpg\" width=\"640\" height=\"480\" srcset=\"https:\/\/agpnoticias.com\/news\/wp-content\/uploads\/2013\/03\/Jesse-James-estar\u00e1-de-vuelta-en-Baja-California-tras-casi-un-a\u00f1o-de-ausencia.jpg 640w, https:\/\/agpnoticias.com\/news\/wp-content\/uploads\/2013\/03\/Jesse-James-estar\u00e1-de-vuelta-en-Baja-California-tras-casi-un-a\u00f1o-de-ausencia-200x150.jpg 200w, https:\/\/agpnoticias.com\/news\/wp-content\/uploads\/2013\/03\/Jesse-James-estar\u00e1-de-vuelta-en-Baja-California-tras-casi-un-a\u00f1o-de-ausencia-320x240.jpg 320w\" sizes=\"(max-width: 640px) 100vw, 640px\" \/><\/a><figcaption id=\"caption-attachment-24935\" class=\"wp-caption-text\">Jesse James estar\u00e1 de vuelta en Baja California tras casi un a\u00f1o de ausencia<\/figcaption><\/figure>\n<p>San Felipe, Baja California.- Jesse James est\u00e1 de regreso en Baja California tras casi un a\u00f1o de ausencia y lo har\u00e1 como parte del equipo Potts Racing en la edici\u00f3n 27 de la San Felipe 250.<\/p>\n<figure id=\"attachment_24936\" aria-describedby=\"caption-attachment-24936\" style=\"width: 320px\" class=\"wp-caption alignleft\"><a href=\"http:\/\/agpnoticias.com\/news\/?attachment_id=24936\" rel=\"attachment wp-att-24936\"><img decoding=\"async\" class=\"size-medium wp-image-24936\" alt=\"Craig Potts y Jesse James unir\u00e1n fuerzas en esta 250 para intentar dar una sorpresa en los Score Trophy-Trucks\" src=\"http:\/\/agpnoticias.com\/news\/wp-content\/uploads\/2013\/03\/Craig-Potts-y-Jesse-James-unir\u00e1n-fuerzas-en-esta-250-para-intentar-dar-una-sorpresa-en-los-Score-Trophy-Trucks-320x240.jpg\" width=\"320\" height=\"240\" srcset=\"https:\/\/agpnoticias.com\/news\/wp-content\/uploads\/2013\/03\/Craig-Potts-y-Jesse-James-unir\u00e1n-fuerzas-en-esta-250-para-intentar-dar-una-sorpresa-en-los-Score-Trophy-Trucks-320x240.jpg 320w, https:\/\/agpnoticias.com\/news\/wp-content\/uploads\/2013\/03\/Craig-Potts-y-Jesse-James-unir\u00e1n-fuerzas-en-esta-250-para-intentar-dar-una-sorpresa-en-los-Score-Trophy-Trucks-200x149.jpg 200w, https:\/\/agpnoticias.com\/news\/wp-content\/uploads\/2013\/03\/Craig-Potts-y-Jesse-James-unir\u00e1n-fuerzas-en-esta-250-para-intentar-dar-una-sorpresa-en-los-Score-Trophy-Trucks.jpg 640w\" sizes=\"(max-width: 320px) 100vw, 320px\" \/><\/a><figcaption id=\"caption-attachment-24936\" class=\"wp-caption-text\">Craig Potts y Jesse James unir\u00e1n fuerzas en esta 250 para intentar dar una sorpresa en los Score Trophy-Trucks<\/figcaption><\/figure>\n<p>El \u201cChico malo\u201d y ex esposo de la actriz Sandra Bullock no corre en Score International desde la 250 del a\u00f1o pasado y en esta ocasi\u00f3n estar\u00e1 de nuevo haciendo alianza con Craig Potts, quien estar\u00e1 a bordo de su nuevo Truck Geiser que fue estrenado en la \u00faltima Parker 425.<\/p>\n<p>La posici\u00f3n de arranque para Potts y James fueron la 27 y 29 de 35 \u201cMonstruos del desierto\u201d, por lo que la tarea no ser\u00e1 nada sencilla al tener que sortear demasiado polvo a lo largo de las 254 millas en que constar\u00e1 la ruta.<\/p>\n<p>James tiene una 250 muy positiva en su r\u00e9cord personal, al finalizar en la octava posici\u00f3n de la edici\u00f3n 2011 a bordo de su actual Chevrolet Silverado n\u00famero 54, con lo ahora buscar\u00e1 confirmar que su evoluci\u00f3n en el Off-Road es una realidad y no casualidad de la suerte.<\/p>\n<p>A pesar de no ser considerados como favoritos, la dupla estadounidense puede dar una sorpresa may\u00fascula en las 250 millas ante rivales con mayor experiencia que ellos en los desiertos de Baja California.<\/p>\n<p>Fotos: Cortes\u00eda de Potts Racing<\/p>\n","protected":false},"excerpt":{"rendered":"<p>San Felipe, Baja California.- Jesse James est\u00e1 de regreso en Baja California tras casi un&#8230;<\/p>\n","protected":false},"author":1,"featured_media":24935,"comment_status":"closed","ping_status":"closed","sticky":false,"template":"","format":"standard","meta":{"footnotes":""},"categories":[37,7],"tags":[],"class_list":["post-24934","post","type-post","status-publish","format-standard","has-post-thumbnail","hentry","category-off-road","category-deportes"],"_links":{"self":[{"href":"https:\/\/agpnoticias.com\/news\/wp-json\/wp\/v2\/posts\/24934","targetHints":{"allow":["GET"]}}],"collection":[{"href":"https:\/\/agpnoticias.com\/news\/wp-json\/wp\/v2\/posts"}],"about":[{"href":"https:\/\/agpnoticias.com\/news\/wp-json\/wp\/v2\/types\/post"}],"author":[{"embeddable":true,"href":"https:\/\/agpnoticias.com\/news\/wp-json\/wp\/v2\/users\/1"}],"replies":[{"embeddable":true,"href":"https:\/\/agpnoticias.com\/news\/wp-json\/wp\/v2\/comments?post=24934"}],"version-history":[{"count":1,"href":"https:\/\/agpnoticias.com\/news\/wp-json\/wp\/v2\/posts\/24934\/revisions"}],"predecessor-version":[{"id":24937,"href":"https:\/\/agpnoticias.com\/news\/wp-json\/wp\/v2\/posts\/24934\/revisions\/24937"}],"wp:featuredmedia":[{"embeddable":true,"href":"https:\/\/agpnoticias.com\/news\/wp-json\/wp\/v2\/media\/24935"}],"wp:attachment":[{"href":"https:\/\/agpnoticias.com\/news\/wp-json\/wp\/v2\/media?parent=24934"}],"wp:term":[{"taxonomy":"category","embeddable":true,"href":"https:\/\/agpnoticias.com\/news\/wp-json\/wp\/v2\/categories?post=24934"},{"taxonomy":"post_tag","embeddable":true,"href":"https:\/\/agpnoticias.com\/news\/wp-json\/wp\/v2\/tags?post=24934"}],"curies":[{"name":"wp","href":"https:\/\/api.w.org\/{rel}","templated":true}]}}