{"id":2721834,"date":"2015-03-23T14:27:11","date_gmt":"2015-03-23T21:27:11","guid":{"rendered":"http:\/\/agpnoticias.com\/news\/?p=2721834"},"modified":"2015-03-23T14:27:12","modified_gmt":"2015-03-23T21:27:12","slug":"sostendra-marineros-primer-juego-de-practica-este-miercoles","status":"publish","type":"post","link":"https:\/\/agpnoticias.com\/news\/sostendra-marineros-primer-juego-de-practica-este-miercoles\/","title":{"rendered":"Sostendr\u00e1 Marineros primer juego de pr\u00e1ctica este mi\u00e9rcoles"},"content":{"rendered":"<figure id=\"attachment_2722831\" aria-describedby=\"caption-attachment-2722831\" style=\"width: 800px\" class=\"wp-caption aligncenter\"><a href=\"http:\/\/agpnoticias.com\/news\/sostendra-marineros-primer-juego-de-practica-este-miercoles\/el-equipo-local-empieza-a-armarse-previo-al-arranque-de-la-temporada-2015\/\" rel=\"attachment wp-att-2722831\"><img fetchpriority=\"high\" decoding=\"async\" class=\"size-full wp-image-2722831\" src=\"http:\/\/agpnoticias.com\/news\/wp-content\/uploads\/2015\/03\/El-equipo-local-empieza-a-armarse-previo-al-arranque-de-la-temporada-2015.jpg\" alt=\"El equipo local empieza a armarse previo al arranque de la temporada 2015\" width=\"800\" height=\"499\" srcset=\"https:\/\/agpnoticias.com\/news\/wp-content\/uploads\/2015\/03\/El-equipo-local-empieza-a-armarse-previo-al-arranque-de-la-temporada-2015.jpg 800w, https:\/\/agpnoticias.com\/news\/wp-content\/uploads\/2015\/03\/El-equipo-local-empieza-a-armarse-previo-al-arranque-de-la-temporada-2015-200x125.jpg 200w\" sizes=\"(max-width: 800px) 100vw, 800px\" \/><\/a><figcaption id=\"caption-attachment-2722831\" class=\"wp-caption-text\">El equipo local empieza a armarse previo al arranque de la temporada 2015<\/figcaption><\/figure>\n<p>Ensenada, Baja California.- Los Marineros de Ensenada, cuya presentaci\u00f3n en la Liga Norte de M\u00e9xico est\u00e1 programada el 9 de abril, tendr\u00e1n su primer juego de pr\u00e1ctica el mi\u00e9rcoles contra los Freseros de San Quint\u00edn en el deportivo Antonio Palacios.<\/p>\n<figure id=\"attachment_2722836\" aria-describedby=\"caption-attachment-2722836\" style=\"width: 320px\" class=\"wp-caption alignright\"><a href=\"http:\/\/agpnoticias.com\/news\/sostendra-marineros-primer-juego-de-practica-este-miercoles\/el-primer-juego-de-pre-temporada-sera-el-miercoles-contra-freseros\/\" rel=\"attachment wp-att-2722836\"><img decoding=\"async\" class=\"size-medium wp-image-2722836\" src=\"http:\/\/agpnoticias.com\/news\/wp-content\/uploads\/2015\/03\/El-primer-juego-de-pre-temporada-ser\u00e1-el-mi\u00e9rcoles-contra-Freseros-320x240.jpg\" alt=\"El primer juego de pre temporada ser\u00e1 el mi\u00e9rcoles contra Freseros\" width=\"320\" height=\"240\" srcset=\"https:\/\/agpnoticias.com\/news\/wp-content\/uploads\/2015\/03\/El-primer-juego-de-pre-temporada-ser\u00e1-el-mi\u00e9rcoles-contra-Freseros-320x240.jpg 320w, https:\/\/agpnoticias.com\/news\/wp-content\/uploads\/2015\/03\/El-primer-juego-de-pre-temporada-ser\u00e1-el-mi\u00e9rcoles-contra-Freseros-640x480.jpg 640w\" sizes=\"(max-width: 320px) 100vw, 320px\" \/><\/a><figcaption id=\"caption-attachment-2722836\" class=\"wp-caption-text\">El primer juego de pre temporada ser\u00e1 el mi\u00e9rcoles contra Freseros<\/figcaption><\/figure>\n<p>Al equipo est\u00e1n por sumarse los extranjeros que destacaron durante la temporada 2014, los venezolanos Marcos Vechionacci y Carlos Colmenares, adem\u00e1s del lanzador Mario Cruz y el fielder V\u00edctor Santos, \u00e9stos dos \u00faltimos enviados por Diablos Rojos del M\u00e9xico.<\/p>\n<p>Por lo pronto se presentaron al campo de pr\u00e1cticas los pitchers zurdos Gabriel Garc\u00eda y Arturo Valdez, ambos con antecedentes en el equipo, mientras que, en busca de mantenerse dentro del roster, report\u00f3 el norteamericano Jordan Hinshaw.<\/p>\n<p>El resto de los integrantes de la pr\u00e1ctica de lunes en el campo de beisbol de Ciudad Deportiva fueron los peloteros locales y los prospectos de Diablos Rojos y Guerreros de Oaxaca que llegaron la semana pasada.<\/p>\n<p>\u00abEl mi\u00e9rcoles sostenemos el primer encuentro contra San Quint\u00edn a la una de la tarde, y esperamos confirmaci\u00f3n de Toritos de Tijuana para jugar contra ellos, adem\u00e1s de otros dos juegos que queremos para el fin de semana\u00bb, inform\u00f3 Jos\u00e9 \u00c1guila S\u00e1ndez.<\/p>\n<p>El gerente deportivo del equipo adelant\u00f3 que est\u00e1n por llegar los infielders Marcos Vechionacci y Carlos Colmenares; \u00abel mi\u00e9rcoles 25 estar\u00e1n en San Diego y un d\u00eda despu\u00e9s ya trabajar\u00e1n con nosotros\u00bb.<\/p>\n<figure id=\"attachment_2722861\" aria-describedby=\"caption-attachment-2722861\" style=\"width: 320px\" class=\"wp-caption alignleft\"><a href=\"http:\/\/agpnoticias.com\/news\/sostendra-marineros-primer-juego-de-practica-este-miercoles\/el-gerente-jose-aguila-junto-al-coach-luis-valenzuela\/\" rel=\"attachment wp-att-2722861\"><img decoding=\"async\" class=\"size-medium wp-image-2722861\" src=\"http:\/\/agpnoticias.com\/news\/wp-content\/uploads\/2015\/03\/El-gerente-Jos\u00e9-\u00c1guila-junto-al-coach-Luis-Valenzuela-320x240.jpg\" alt=\"El gerente Jos\u00e9 \u00c1guila junto al coach Luis Valenzuela\" width=\"320\" height=\"240\" srcset=\"https:\/\/agpnoticias.com\/news\/wp-content\/uploads\/2015\/03\/El-gerente-Jos\u00e9-\u00c1guila-junto-al-coach-Luis-Valenzuela-320x240.jpg 320w, https:\/\/agpnoticias.com\/news\/wp-content\/uploads\/2015\/03\/El-gerente-Jos\u00e9-\u00c1guila-junto-al-coach-Luis-Valenzuela-640x480.jpg 640w\" sizes=\"(max-width: 320px) 100vw, 320px\" \/><\/a><figcaption id=\"caption-attachment-2722861\" class=\"wp-caption-text\">El gerente Jos\u00e9 \u00c1guila junto al coach Luis Valenzuela<\/figcaption><\/figure>\n<p>\u00abTambi\u00e9n llegan Mario Cruz y V\u00edctor Santos, pitcher y outfield; Mario fue nuestro relevista en 2014 y V\u00edctor jug\u00f3 con Hermosillo en Liga Norte de Sonora\u00bb, precis\u00f3.<\/p>\n<p>Adem\u00e1s, \u00abtenemos a prueba como extranjero a Jordan Hinshaw, que viene de una Liga Independiente de California, es un fielder que se ha visto muy bien, corre con buen tiempo y en la pr\u00e1ctica ha mostrado cosas interesantes\u00bb.<\/p>\n<p>El responsable del \u00e1rea deportiva en Marineros indic\u00f3 que en el campamento se encuentran m\u00e1s elementos que ser\u00e1n evaluados, como Carlos \u00c1vila, un norteamericano proveniente de Riverside, California.<\/p>\n<p>La pr\u00e1ctica fue dirigida por los coaches C\u00e9sar B\u00e1ez y Luis Alejandro Valenzuela, quienes seguir\u00e1n al frente del equipo por algunos d\u00edas en espera del manager.<\/p>\n<p>\u00abDonald Ca\u00f1edo llega el fin de semana, ya vino la semana pasada, se report\u00f3 y dej\u00f3 trabajo a los muchachos, pero tuvo que regresar a Florida con Marlins, donde trabaja como scout\u00bb, indic\u00f3.<\/p>\n<figure id=\"attachment_2722870\" aria-describedby=\"caption-attachment-2722870\" style=\"width: 800px\" class=\"wp-caption aligncenter\"><a href=\"http:\/\/agpnoticias.com\/news\/sostendra-marineros-primer-juego-de-practica-este-miercoles\/los-marineros-momentos-antes-de-iniciar-la-practica-del-lunes\/\" rel=\"attachment wp-att-2722870\"><img loading=\"lazy\" decoding=\"async\" class=\"size-full wp-image-2722870\" src=\"http:\/\/agpnoticias.com\/news\/wp-content\/uploads\/2015\/03\/Los-Marineros-momentos-antes-de-iniciar-la-pr\u00e1ctica-del-lunes.jpg\" alt=\"Los Marineros momentos antes de iniciar la pr\u00e1ctica del lunes\" width=\"800\" height=\"533\" srcset=\"https:\/\/agpnoticias.com\/news\/wp-content\/uploads\/2015\/03\/Los-Marineros-momentos-antes-de-iniciar-la-pr\u00e1ctica-del-lunes.jpg 800w, https:\/\/agpnoticias.com\/news\/wp-content\/uploads\/2015\/03\/Los-Marineros-momentos-antes-de-iniciar-la-pr\u00e1ctica-del-lunes-200x133.jpg 200w\" sizes=\"(max-width: 800px) 100vw, 800px\" \/><\/a><figcaption id=\"caption-attachment-2722870\" class=\"wp-caption-text\">Los Marineros momentos antes de iniciar la pr\u00e1ctica del lunes<\/figcaption><\/figure>\n","protected":false},"excerpt":{"rendered":"<p>Ensenada, Baja California.- Los Marineros de Ensenada, cuya presentaci\u00f3n en la Liga Norte de M\u00e9xico&#8230;<\/p>\n","protected":false},"author":1,"featured_media":2722831,"comment_status":"closed","ping_status":"closed","sticky":false,"template":"","format":"standard","meta":{"footnotes":""},"categories":[1,30,7,18],"tags":[],"class_list":["post-2721834","post","type-post","status-publish","format-standard","has-post-thumbnail","hentry","category-uncategorized","category-beisbol","category-deportes","category-marineros-de-ensenada"],"_links":{"self":[{"href":"https:\/\/agpnoticias.com\/news\/wp-json\/wp\/v2\/posts\/2721834","targetHints":{"allow":["GET"]}}],"collection":[{"href":"https:\/\/agpnoticias.com\/news\/wp-json\/wp\/v2\/posts"}],"about":[{"href":"https:\/\/agpnoticias.com\/news\/wp-json\/wp\/v2\/types\/post"}],"author":[{"embeddable":true,"href":"https:\/\/agpnoticias.com\/news\/wp-json\/wp\/v2\/users\/1"}],"replies":[{"embeddable":true,"href":"https:\/\/agpnoticias.com\/news\/wp-json\/wp\/v2\/comments?post=2721834"}],"version-history":[{"count":3,"href":"https:\/\/agpnoticias.com\/news\/wp-json\/wp\/v2\/posts\/2721834\/revisions"}],"predecessor-version":[{"id":2722882,"href":"https:\/\/agpnoticias.com\/news\/wp-json\/wp\/v2\/posts\/2721834\/revisions\/2722882"}],"wp:featuredmedia":[{"embeddable":true,"href":"https:\/\/agpnoticias.com\/news\/wp-json\/wp\/v2\/media\/2722831"}],"wp:attachment":[{"href":"https:\/\/agpnoticias.com\/news\/wp-json\/wp\/v2\/media?parent=2721834"}],"wp:term":[{"taxonomy":"category","embeddable":true,"href":"https:\/\/agpnoticias.com\/news\/wp-json\/wp\/v2\/categories?post=2721834"},{"taxonomy":"post_tag","embeddable":true,"href":"https:\/\/agpnoticias.com\/news\/wp-json\/wp\/v2\/tags?post=2721834"}],"curies":[{"name":"wp","href":"https:\/\/api.w.org\/{rel}","templated":true}]}}