{"id":2728351,"date":"2015-03-23T22:14:57","date_gmt":"2015-03-24T05:14:57","guid":{"rendered":"http:\/\/agpnoticias.com\/news\/?p=2728351"},"modified":"2017-01-18T14:46:32","modified_gmt":"2017-01-18T22:46:32","slug":"despunta-perez-vertti-tras-arrasar-en-el-circuito-mexicano-de-natacion","status":"publish","type":"post","link":"https:\/\/agpnoticias.com\/news\/despunta-perez-vertti-tras-arrasar-en-el-circuito-mexicano-de-natacion\/","title":{"rendered":"Despunta P\u00e9rez Vertti tras arrasar en el Circuito Mexicano de Nataci\u00f3n"},"content":{"rendered":"<figure id=\"attachment_2728391\" aria-describedby=\"caption-attachment-2728391\" style=\"width: 689px\" class=\"wp-caption aligncenter\"><a href=\"http:\/\/agpnoticias.com\/news\/despunta-perez-vertti-tras-arrasar-en-el-circuito-mexicano-de-natacion\/arturo-perez-vertti-con-el-entrenador-ascanio-fernandez-pinto\/\" rel=\"attachment wp-att-2728391\"><img fetchpriority=\"high\" decoding=\"async\" class=\"size-full wp-image-2728391\" src=\"http:\/\/agpnoticias.com\/news\/wp-content\/uploads\/2015\/03\/Arturo-P\u00e9rez-Vertti-con-el-entrenador-Ascanio-Fern\u00e1ndez-Pinto.jpg\" alt=\"Arturo P\u00e9rez Vertti con el entrenador Ascanio Fern\u00e1ndez Pinto\" width=\"689\" height=\"547\" srcset=\"https:\/\/agpnoticias.com\/news\/wp-content\/uploads\/2015\/03\/Arturo-P\u00e9rez-Vertti-con-el-entrenador-Ascanio-Fern\u00e1ndez-Pinto.jpg 689w, https:\/\/agpnoticias.com\/news\/wp-content\/uploads\/2015\/03\/Arturo-P\u00e9rez-Vertti-con-el-entrenador-Ascanio-Fern\u00e1ndez-Pinto-200x159.jpg 200w\" sizes=\"(max-width: 689px) 100vw, 689px\" \/><\/a><figcaption id=\"caption-attachment-2728391\" class=\"wp-caption-text\">Arturo P\u00e9rez Vertti con el entrenador Ascanio Fern\u00e1ndez Pinto<\/figcaption><\/figure>\n<p>Tijuana, Baja California.- El bajacaliforniano Arturo P\u00e9rez Vertti fue sin duda una de las grandes figuras del Circuito Mexicano de Nataci\u00f3n que tuvo lugar en el Complejo Acu\u00e1tico del CAR.<\/p>\n<p>El ensenadense que ha hecho bases de entrenamiento a ambos lados de la frontera en las ciudades de Mission Viejo, California, y Tijuana, en M\u00e9xico, se llev\u00f3 la distinci\u00f3n como el mejor fondista dentro de la parada que se efectu\u00f3 en el recinto de la Mesa de Otay.<\/p>\n<p>P\u00e9rez Vertti Ferrer cosech\u00f3 801 puntos para su ranking FINA tras su actuaci\u00f3n en los 1,500 metros libres en Primera Fuerza, recibiendo el reconocimiento por parte de autoridades de la Federaci\u00f3n Mexicana de Nataci\u00f3n y la Asociaci\u00f3n Estatal de Baja California.<\/p>\n<p>El Ol\u00edmpico de Londres 2012 se manifest\u00f3 contento por los resultados y ahora tiene la mira puesta en participar en los Panamericanos de Toronto 2015.<\/p>\n<p>En el marco de la clausura del circuito, la FMN y la AENBC entregaron tambi\u00e9n reconocimientos a los mejores nadadores infantiles y juveniles como Luis Fernando Gonz\u00e1lez, de Baja California, quien se llev\u00f3 630 tras consolidarse como el mejor en los 400 Metros Libres dentro de la Categor\u00eda 13-14 a\u00f1os.<\/p>\n<p>Por su parte, Osiel Escamilla de Nuevo Le\u00f3n fue reconocido como el mejor en los 1,500 dentro de la categor\u00eda de 15-16 a\u00f1os, y Ricardo Vargas, de Morelos, fue el mejor en los 400 libres en la 17-18 a\u00f1os.<\/p>\n<p><em>Informaci\u00f3n y fotograf\u00eda: Instituto del Deporte y la Cultura F\u00edsica de Baja California (INDE).<\/em><\/p>\n","protected":false},"excerpt":{"rendered":"<p>Tijuana, Baja California.- El bajacaliforniano Arturo P\u00e9rez Vertti fue sin duda una de las grandes&#8230;<\/p>\n","protected":false},"author":1,"featured_media":2728531,"comment_status":"closed","ping_status":"closed","sticky":false,"template":"","format":"standard","meta":{"footnotes":""},"categories":[1,73,7,705],"tags":[],"class_list":["post-2728351","post","type-post","status-publish","format-standard","has-post-thumbnail","hentry","category-uncategorized","category-deportebajacalifornia","category-deportes","category-natacion"],"_links":{"self":[{"href":"https:\/\/agpnoticias.com\/news\/wp-json\/wp\/v2\/posts\/2728351","targetHints":{"allow":["GET"]}}],"collection":[{"href":"https:\/\/agpnoticias.com\/news\/wp-json\/wp\/v2\/posts"}],"about":[{"href":"https:\/\/agpnoticias.com\/news\/wp-json\/wp\/v2\/types\/post"}],"author":[{"embeddable":true,"href":"https:\/\/agpnoticias.com\/news\/wp-json\/wp\/v2\/users\/1"}],"replies":[{"embeddable":true,"href":"https:\/\/agpnoticias.com\/news\/wp-json\/wp\/v2\/comments?post=2728351"}],"version-history":[{"count":2,"href":"https:\/\/agpnoticias.com\/news\/wp-json\/wp\/v2\/posts\/2728351\/revisions"}],"predecessor-version":[{"id":2728398,"href":"https:\/\/agpnoticias.com\/news\/wp-json\/wp\/v2\/posts\/2728351\/revisions\/2728398"}],"wp:featuredmedia":[{"embeddable":true,"href":"https:\/\/agpnoticias.com\/news\/wp-json\/wp\/v2\/media\/2728531"}],"wp:attachment":[{"href":"https:\/\/agpnoticias.com\/news\/wp-json\/wp\/v2\/media?parent=2728351"}],"wp:term":[{"taxonomy":"category","embeddable":true,"href":"https:\/\/agpnoticias.com\/news\/wp-json\/wp\/v2\/categories?post=2728351"},{"taxonomy":"post_tag","embeddable":true,"href":"https:\/\/agpnoticias.com\/news\/wp-json\/wp\/v2\/tags?post=2728351"}],"curies":[{"name":"wp","href":"https:\/\/api.w.org\/{rel}","templated":true}]}}