{"id":2843052,"date":"2015-05-23T16:13:46","date_gmt":"2015-05-23T23:13:46","guid":{"rendered":"http:\/\/agpnoticias.com\/news\/?p=2843052"},"modified":"2015-05-23T16:13:46","modified_gmt":"2015-05-23T23:13:46","slug":"renuncia-de-donald-tuvo-nombre-y-apellido-uriak-marquez","status":"publish","type":"post","link":"https:\/\/agpnoticias.com\/news\/renuncia-de-donald-tuvo-nombre-y-apellido-uriak-marquez\/","title":{"rendered":"Renuncia de Donald tuvo nombre y apellido: Uriak M\u00e1rquez"},"content":{"rendered":"<figure id=\"attachment_2843054\" aria-describedby=\"caption-attachment-2843054\" style=\"width: 800px\" class=\"wp-caption aligncenter\"><a href=\"http:\/\/agpnoticias.com\/news\/renuncia-de-donald-tuvo-nombre-y-apellido-uriak-marquez\/donald-canedo-ex-manejador-de-marineros\/\" rel=\"attachment wp-att-2843054\"><img fetchpriority=\"high\" decoding=\"async\" class=\"size-full wp-image-2843054\" src=\"http:\/\/agpnoticias.com\/news\/wp-content\/uploads\/2015\/05\/Donald-Ca\u00f1edo-ex-manejador-de-Marineros.jpg\" alt=\"Donald Ca\u00f1edo, ex manejador de Marineros\" width=\"800\" height=\"533\" srcset=\"https:\/\/agpnoticias.com\/news\/wp-content\/uploads\/2015\/05\/Donald-Ca\u00f1edo-ex-manejador-de-Marineros.jpg 800w, https:\/\/agpnoticias.com\/news\/wp-content\/uploads\/2015\/05\/Donald-Ca\u00f1edo-ex-manejador-de-Marineros-200x133.jpg 200w\" sizes=\"(max-width: 800px) 100vw, 800px\" \/><\/a><figcaption id=\"caption-attachment-2843054\" class=\"wp-caption-text\">Donald Ca\u00f1edo, ex manejador de Marineros<\/figcaption><\/figure>\n<p>Ensenada, Baja California.- M\u00e1s all\u00e1 de los resultados que ten\u00edan al equipo en el fondo de la Liga Norte de M\u00e9xico, Donald Ca\u00f1edo renunci\u00f3 como manager de los Marineros de Ensenada cuando le fue anunciado el regreso de Uriak M\u00e1rquez.<\/p>\n<p>Y es que la relaci\u00f3n entre ambos, desde que coincidieron por primera vez en Ensenada durante la temporada 2009, nunca fue arm\u00f3nica.<\/p>\n<p>\u00abNo tengo nada contra \u00e9l en lo personal, pero siento que juega para \u00e9l m\u00e1s que para el equipo\u00bb, argument\u00f3 el manager que dej\u00f3 a los Marineros dos semanas atr\u00e1s.<\/p>\n<p>Incluso, indic\u00f3, \u00aben 2010, cuando \u00e9l no estuvo en el equipo, pudimos conseguir el campeonato \u00ab.<\/p>\n<p>En la actualidad, Donald Ca\u00f1edo reside en San Diego, donde analiza propuestas de trabajo, incluso en la misma Liga Norte de M\u00e9xico, y desde ah\u00ed consider\u00f3 que despu\u00e9s de una serie de lesiones que afectaron a Marineros \u00abel equipo ya se estaba acomodando\u00bb con la recuperaci\u00f3n de los peloteros afectados.<\/p>\n<p>\u00abNo sal\u00ed contento del equipo porque no ganamos, y aunque yo busqu\u00e9 la forma diaria de mejor, no pude&#8230;\u00bb, admiti\u00f3.<\/p>\n<p>E insisti\u00f3 en que, m\u00e1s que por los resultados, la decisi\u00f3n de su renuncia se dio ante la llegada del jugador venezolano que se incorpor\u00f3 hace dos semanas despu\u00e9s de iniciar la temporada en la Liga Tabasque\u00f1a con los Tucanes de Chiapas.<\/p>\n<p>\u00abLo que quiero es que triunfe Marineros, pero no puedo permitir que alguien haga cosas\u00a0que yo crea que no est\u00e1n bien\u00bb, apunt\u00f3 en torno a situaciones internas que prefiri\u00f3 mantener dentro de ese \u00e1mbito.<\/p>\n<p>Donald Ca\u00f1edo sostuvo que tanto con el presidente del equipo, Juan Manuel Arellano, como con el gerente, Jos\u00e9 \u00c1guila, \u00abtodo qued\u00f3 en buenos t\u00e9rminos\u00bb.<\/p>\n","protected":false},"excerpt":{"rendered":"<p>Ensenada, Baja California.- M\u00e1s all\u00e1 de los resultados que ten\u00edan al equipo en el fondo&#8230;<\/p>\n","protected":false},"author":1,"featured_media":2843054,"comment_status":"closed","ping_status":"closed","sticky":false,"template":"","format":"standard","meta":{"footnotes":""},"categories":[1,30,7,18],"tags":[],"class_list":["post-2843052","post","type-post","status-publish","format-standard","has-post-thumbnail","hentry","category-uncategorized","category-beisbol","category-deportes","category-marineros-de-ensenada"],"_links":{"self":[{"href":"https:\/\/agpnoticias.com\/news\/wp-json\/wp\/v2\/posts\/2843052","targetHints":{"allow":["GET"]}}],"collection":[{"href":"https:\/\/agpnoticias.com\/news\/wp-json\/wp\/v2\/posts"}],"about":[{"href":"https:\/\/agpnoticias.com\/news\/wp-json\/wp\/v2\/types\/post"}],"author":[{"embeddable":true,"href":"https:\/\/agpnoticias.com\/news\/wp-json\/wp\/v2\/users\/1"}],"replies":[{"embeddable":true,"href":"https:\/\/agpnoticias.com\/news\/wp-json\/wp\/v2\/comments?post=2843052"}],"version-history":[{"count":3,"href":"https:\/\/agpnoticias.com\/news\/wp-json\/wp\/v2\/posts\/2843052\/revisions"}],"predecessor-version":[{"id":2843060,"href":"https:\/\/agpnoticias.com\/news\/wp-json\/wp\/v2\/posts\/2843052\/revisions\/2843060"}],"wp:featuredmedia":[{"embeddable":true,"href":"https:\/\/agpnoticias.com\/news\/wp-json\/wp\/v2\/media\/2843054"}],"wp:attachment":[{"href":"https:\/\/agpnoticias.com\/news\/wp-json\/wp\/v2\/media?parent=2843052"}],"wp:term":[{"taxonomy":"category","embeddable":true,"href":"https:\/\/agpnoticias.com\/news\/wp-json\/wp\/v2\/categories?post=2843052"},{"taxonomy":"post_tag","embeddable":true,"href":"https:\/\/agpnoticias.com\/news\/wp-json\/wp\/v2\/tags?post=2843052"}],"curies":[{"name":"wp","href":"https:\/\/api.w.org\/{rel}","templated":true}]}}