{"id":2866724,"date":"2016-09-20T19:06:05","date_gmt":"2016-09-21T02:06:05","guid":{"rendered":"http:\/\/agpnoticias.com\/news\/?p=2866724"},"modified":"2016-09-20T22:32:50","modified_gmt":"2016-09-21T05:32:50","slug":"aires-de-cambio-en-la-liga-infantil-y-juvenil-de-futbol-eligen-nueva-mesa-directiva","status":"publish","type":"post","link":"https:\/\/agpnoticias.com\/news\/aires-de-cambio-en-la-liga-infantil-y-juvenil-de-futbol-eligen-nueva-mesa-directiva\/","title":{"rendered":"Aires de cambio en la Liga Infantil y Juvenil de Futbol; eligen nueva mesa directiva"},"content":{"rendered":"<p>Ensenada, Baja California.- La intenci\u00f3n inicial era que Fernando Castillo contendiera por una reelecci\u00f3n m\u00e1s. Pero durante el transcurso de la asamblea de elecciones de la Liga Infantil y Juvenil de Futbol, el entonces presidente tuvo que declinar ante la divisi\u00f3n que presagiaba una contienda cerrada.<\/p>\n<p>El ahora ex titular de la directiva, por tratarse de un intento de reelecci\u00f3n, necesitaba tener de su lado a dos terceras partes de los votantes, situaci\u00f3n lejana a la realidad, sobre todo frente a las denuncias en torno a la falta de claridad en el manejo del pago de credenciales por parte de los afiliados por m\u00e1s de una d\u00e9cada.<\/p>\n<p>En ese momento, dentro de la sala de juntas del organismo, se form\u00f3 una planilla que lo incluy\u00f3, pero con Carlos Evangelista como presidente.<\/p>\n<p>En la otra, el bando opositor present\u00f3 al ex secretario del mismo Castillo, Ricardo Guti\u00e9rrez.<\/p>\n<p>Y as\u00ed, con la presencia del presidente de la Asociaci\u00f3n Estatal de Futbol, Gilberto Ram\u00edrez, dio inicio la votaci\u00f3n.<\/p>\n<p>Los afines a la continuidad del proyecto de Castillo, con Evangelista al frente, fueron 12 de los 24 delegados acreditados.<\/p>\n<p>La misma cantidad decidi\u00f3 confiar en la planilla opositora, con Guti\u00e9rrez como titular.<\/p>\n<p>Hubo que llegar a una segunda ronda de votaci\u00f3n, no sin antes plantearse la uni\u00f3n de ambos lados en favor de Evangelista.<\/p>\n<p>Sin embargo, la moci\u00f3n fue rechazada por los afines al cambio.<\/p>\n<p>Entonces se registr\u00f3 la segunda votaci\u00f3n, en la que el equipo del Sindicato de Bur\u00f3cratas, en primera instancia a favor de Evangelista, vir\u00f3 su decisi\u00f3n y desempat\u00f3 a favor de Guti\u00e9rrez.<\/p>\n<p>Al final todo qued\u00f3 13-11.<\/p>\n<p>Trascendi\u00f3 que la elecci\u00f3n fue seguida de cerca y con inter\u00e9s por autoridades de la Federaci\u00f3n Mexicana de Futbol, hasta donde llegaron las inconformidades del grupo que ha se\u00f1alado presuntas irregularidades por parte de la mesa directiva saliente.<\/p>\n<p>De ese modo, el temor del grupo que se opon\u00eda a la reelecci\u00f3n de Castillo y que sospechaba un posible respaldo del presidente de la asociaci\u00f3n estatal a su continuidad, qued\u00f3 disipado frente al seguimiento de las autoridades m\u00e1ximas de la federaci\u00f3n.<\/p>\n<p>Los delegados que generaron un cambio despu\u00e9s de que la presidencia se altern\u00f3 por m\u00e1s de d\u00e9cada y media entre Fernando Castillo y Fernando Aceves fueron los representantes de los siguientes clubes:<\/p>\n<p>UNAM Pumitas<\/p>\n<p>Real Azteca<\/p>\n<p>Deportivo Ju\u00e1rez<\/p>\n<p>Deportivo Sauzal<\/p>\n<p>Mineros<\/p>\n<p>Panteras Blancas<\/p>\n<p>Kiliwas<\/p>\n<p>Delfines<\/p>\n<p>Cuervos JAP<\/p>\n<p>Pachuca<\/p>\n<p>Chivas<\/p>\n<p>Sindicato de Bur\u00f3cratas<\/p>\n<p>Real Madrid<\/p>\n<p>Ricardo Guti\u00e9rrez tendr\u00e1 como colaboradores a Carlos Cort\u00e9s (Vicepresidente), Israel Moreno (Secretario) y Francisco N\u00fa\u00f1ez (Tesorero).<\/p>\n<p>Tampoco hubo toma de protesta. El presidente de la Asociaci\u00f3n Estatal de Futbol prefiri\u00f3 omitir\u00a0dicho acto. Tampoco hay foto de la mesa directiva que iniciar\u00e1 una nueva era dentro del futbol infantil y juvenil de Ensenada.<\/p>\n<p><a href=\"http:\/\/agpnoticias.com\/news\/aires-de-cambio-en-la-liga-infantil-y-juvenil-de-futbol-eligen-nueva-mesa-directiva\/img-20160920-wa0003\/\" rel=\"attachment wp-att-2866726\"><img fetchpriority=\"high\" decoding=\"async\" class=\"aligncenter size-full wp-image-2866726\" src=\"http:\/\/agpnoticias.com\/news\/wp-content\/uploads\/2016\/09\/IMG-20160920-WA0003-e1474423506719.jpg\" alt=\"Liga Infantil y Juvenil\" width=\"800\" height=\"590\" \/><\/a><\/p>\n","protected":false},"excerpt":{"rendered":"<p>Ensenada, Baja California.- La intenci\u00f3n inicial era que Fernando Castillo contendiera por una reelecci\u00f3n m\u00e1s&#8230;.<\/p>\n","protected":false},"author":1,"featured_media":2866725,"comment_status":"open","ping_status":"closed","sticky":false,"template":"","format":"standard","meta":{"footnotes":""},"categories":[7,32],"tags":[595],"class_list":["post-2866724","post","type-post","status-publish","format-standard","has-post-thumbnail","hentry","category-deportes","category-soccer","tag-destacado"],"_links":{"self":[{"href":"https:\/\/agpnoticias.com\/news\/wp-json\/wp\/v2\/posts\/2866724","targetHints":{"allow":["GET"]}}],"collection":[{"href":"https:\/\/agpnoticias.com\/news\/wp-json\/wp\/v2\/posts"}],"about":[{"href":"https:\/\/agpnoticias.com\/news\/wp-json\/wp\/v2\/types\/post"}],"author":[{"embeddable":true,"href":"https:\/\/agpnoticias.com\/news\/wp-json\/wp\/v2\/users\/1"}],"replies":[{"embeddable":true,"href":"https:\/\/agpnoticias.com\/news\/wp-json\/wp\/v2\/comments?post=2866724"}],"version-history":[{"count":6,"href":"https:\/\/agpnoticias.com\/news\/wp-json\/wp\/v2\/posts\/2866724\/revisions"}],"predecessor-version":[{"id":2866748,"href":"https:\/\/agpnoticias.com\/news\/wp-json\/wp\/v2\/posts\/2866724\/revisions\/2866748"}],"wp:featuredmedia":[{"embeddable":true,"href":"https:\/\/agpnoticias.com\/news\/wp-json\/wp\/v2\/media\/2866725"}],"wp:attachment":[{"href":"https:\/\/agpnoticias.com\/news\/wp-json\/wp\/v2\/media?parent=2866724"}],"wp:term":[{"taxonomy":"category","embeddable":true,"href":"https:\/\/agpnoticias.com\/news\/wp-json\/wp\/v2\/categories?post=2866724"},{"taxonomy":"post_tag","embeddable":true,"href":"https:\/\/agpnoticias.com\/news\/wp-json\/wp\/v2\/tags?post=2866724"}],"curies":[{"name":"wp","href":"https:\/\/api.w.org\/{rel}","templated":true}]}}