{"id":2866860,"date":"2016-09-23T17:27:26","date_gmt":"2016-09-24T00:27:26","guid":{"rendered":"http:\/\/agpnoticias.com\/news\/?p=2866860"},"modified":"2016-09-23T17:27:27","modified_gmt":"2016-09-24T00:27:27","slug":"marchena-encuentra-rival-duro-de-fuera-y-con-buen-record-para-sheke","status":"publish","type":"post","link":"https:\/\/agpnoticias.com\/news\/marchena-encuentra-rival-duro-de-fuera-y-con-buen-record-para-sheke\/","title":{"rendered":"Marchena encuentra rival  \u00abduro, de fuera y con buen r\u00e9cord\u00bb para \u00abSheke\u00bb"},"content":{"rendered":"<figure id=\"attachment_2866861\" aria-describedby=\"caption-attachment-2866861\" style=\"width: 192px\" class=\"wp-caption alignright\"><a href=\"http:\/\/agpnoticias.com\/news\/marchena-encuentra-rival-duro-de-fuera-y-con-buen-record-para-sheke\/img-20160923-wa0003\/\" rel=\"attachment wp-att-2866861\"><img decoding=\"async\" class=\"size-full wp-image-2866861\" src=\"http:\/\/agpnoticias.com\/news\/wp-content\/uploads\/2016\/09\/IMG-20160923-WA0003-e1474676370667.jpg\" alt=\"\u00d3scar Guti\u00e9rrez, pr\u00f3ximo rival de &quot;Sheke&quot; Avil\u00e9s\" width=\"192\" height=\"258\" \/><\/a><figcaption id=\"caption-attachment-2866861\" class=\"wp-caption-text\">\u00d3scar Guti\u00e9rrez, pr\u00f3ximo rival de \u00abSheke\u00bb Avil\u00e9s<\/figcaption><\/figure>\n<p>Ensenada, Baja California.- Ya hay rival para Ezequiel Avil\u00e9s (15-1-3, 6 KO\u00b4s) la noche del viernes 7 de octubre en el gimnasio municipal \u00d3scar \u201cTigre\u201d Garc\u00eda.<\/p>\n<p>\u201cQuer\u00edan ver a \u00b4Sheke\u00b4 contra alguien duro, de fuera y con buen r\u00e9cord, pues ah\u00ed est\u00e1\u201d, dijo Ram\u00f3n Marchena al revelar que el otro protagonista de la pelea estelar de su cartelera ser\u00e1 el queretano \u00d3scar Guti\u00e9rrez (16-2, 12 KO\u00b4s).<\/p>\n<p>El titular de Marchena Promotions calific\u00f3 al peleador visitante como \u201cun pegador que ha ganado por nocaut 12 de sus 16 victorias\u201d.<\/p>\n<p>\u201cCreo que es una prueba para \u00b4Sheke\u00b4 y ser\u00e1 una pelea muy interesante\u201d, apunt\u00f3.<\/p>\n<p>Detr\u00e1s de ese combate, Ram\u00f3n Marchena presentar\u00e1 la segunda parte del combate cuya primera edici\u00f3n registr\u00f3 un empate entre Alexis \u201cPillo\u201d Canett y Chuy P\u00e9rez.<\/p>\n<p>Antes pelear\u00e1 el invicto de Mexicali Leroy Covarrubias contra el local Agust\u00edn \u201cTowiz\u201d Camacho, as\u00ed como una pelea entre ensenadenses: Carlos \u201cGallito\u201d Morgan y C\u00e9sar \u201cMayu\u201d Garc\u00eda.<\/p>\n<p>\u201cSer\u00e1n peleas buenas, parejas, no veo favoritos en ninguna\u201d, afirm\u00f3 el promotor.<\/p>\n","protected":false},"excerpt":{"rendered":"<p>Ensenada, Baja California.- Ya hay rival para Ezequiel Avil\u00e9s (15-1-3, 6 KO\u00b4s) la noche del&#8230;<\/p>\n","protected":false},"author":1,"featured_media":2866862,"comment_status":"open","ping_status":"closed","sticky":false,"template":"","format":"standard","meta":{"footnotes":""},"categories":[36,7],"tags":[595],"class_list":["post-2866860","post","type-post","status-publish","format-standard","has-post-thumbnail","hentry","category-boxeo","category-deportes","tag-destacado"],"_links":{"self":[{"href":"https:\/\/agpnoticias.com\/news\/wp-json\/wp\/v2\/posts\/2866860","targetHints":{"allow":["GET"]}}],"collection":[{"href":"https:\/\/agpnoticias.com\/news\/wp-json\/wp\/v2\/posts"}],"about":[{"href":"https:\/\/agpnoticias.com\/news\/wp-json\/wp\/v2\/types\/post"}],"author":[{"embeddable":true,"href":"https:\/\/agpnoticias.com\/news\/wp-json\/wp\/v2\/users\/1"}],"replies":[{"embeddable":true,"href":"https:\/\/agpnoticias.com\/news\/wp-json\/wp\/v2\/comments?post=2866860"}],"version-history":[{"count":2,"href":"https:\/\/agpnoticias.com\/news\/wp-json\/wp\/v2\/posts\/2866860\/revisions"}],"predecessor-version":[{"id":2866864,"href":"https:\/\/agpnoticias.com\/news\/wp-json\/wp\/v2\/posts\/2866860\/revisions\/2866864"}],"wp:featuredmedia":[{"embeddable":true,"href":"https:\/\/agpnoticias.com\/news\/wp-json\/wp\/v2\/media\/2866862"}],"wp:attachment":[{"href":"https:\/\/agpnoticias.com\/news\/wp-json\/wp\/v2\/media?parent=2866860"}],"wp:term":[{"taxonomy":"category","embeddable":true,"href":"https:\/\/agpnoticias.com\/news\/wp-json\/wp\/v2\/categories?post=2866860"},{"taxonomy":"post_tag","embeddable":true,"href":"https:\/\/agpnoticias.com\/news\/wp-json\/wp\/v2\/tags?post=2866860"}],"curies":[{"name":"wp","href":"https:\/\/api.w.org\/{rel}","templated":true}]}}