{"id":2869354,"date":"2016-11-26T14:57:34","date_gmt":"2016-11-26T22:57:34","guid":{"rendered":"http:\/\/agpnoticias.com\/news\/?p=2869354"},"modified":"2016-11-28T19:19:37","modified_gmt":"2016-11-29T03:19:37","slug":"cuervos-jap-espera-a-su-aficion-para-tomar-ventaja-sobre-el-lider-pioneros-entradas-gratis","status":"publish","type":"post","link":"https:\/\/agpnoticias.com\/news\/cuervos-jap-espera-a-su-aficion-para-tomar-ventaja-sobre-el-lider-pioneros-entradas-gratis\/","title":{"rendered":"Cuervos JAP espera a su afici\u00f3n para tomar ventaja sobre el l\u00edder Pioneros; entradas gratis"},"content":{"rendered":"<p>Ensenada, Baja California.- Cuervos JAP va por el primero de los pasos que le lleven a la semifinal de la Segunda Divisi\u00f3n Premier este domingo, cuando se mida al l\u00edder del circuito, Pioneros de Canc\u00fan, en la ida por los cuartos de final.<\/p>\n<p>Para contar con el apoyo de la tribuna del Estadio Municipal de la Ciudad Deportiva a partir de las 12 del d\u00eda, la directiva del conjunto ensenadense abrir\u00e1 las puertas de manera gratuita para todo el p\u00fablico que desee asistir a la ida de la serie que concluir\u00e1 una semana despu\u00e9s en Canc\u00fan.<\/p>\n<p>El presidente de Cuervos JAP, Juan Serna-Dur\u00e1n, invit\u00f3 a los aficionados que han seguido al equipo durante los ocho encuentros disputados en casa durante la fase regular del torneo, pero sobre todo extendi\u00f3 el llamado para los seguidores del futbol que no lo hayan hecho a\u00fan.<\/p>\n<p>En la \u00faltima jornada, el t\u00e9cnico Francisco Hern\u00e1ndez Rojas descans\u00f3 a varios elementos que sal\u00edan de lesiones y se espera que est\u00e9n de inicio contra los Pioneros, primeros de la divisi\u00f3n con 41 unidades y una sola derrota en 15 encuentros dentro del Grupo 3.<\/p>\n<p>De acuerdo a las fechas m\u00e1s recientes, el once inicial podr\u00eda formar con Bernardo Gradilla, \u00c1ngel Soria, Andrew S\u00e1nchez, Jansen Eduardo, Sergio Villalba, Alejandro Caballero, Josu\u00e9 Aguilar, Diego Nieto, Jos\u00e9 Francisco V\u00e1zquez, Luis Miguel Olvera y Abimael Estrada u \u00d3scar Torres.<\/p>\n<p>Cuervos termin\u00f3 en el segundo lugar entre los equipos con derecho a ascenso en el Grupo 1.<\/p>\n<p><em style=\"line-height: 1.5;\">Informaci\u00f3n y fotograf\u00eda: Cuervos JAP de Ensenada.<\/em><span style=\"line-height: 1.5;\">\u00a0<\/span><\/p>\n","protected":false},"excerpt":{"rendered":"<p>Ensenada, Baja California.- Cuervos JAP va por el primero de los pasos que le lleven&#8230;<\/p>\n","protected":false},"author":1,"featured_media":2869355,"comment_status":"open","ping_status":"closed","sticky":false,"template":"","format":"standard","meta":{"footnotes":""},"categories":[32],"tags":[595],"class_list":["post-2869354","post","type-post","status-publish","format-standard","has-post-thumbnail","hentry","category-soccer","tag-destacado"],"_links":{"self":[{"href":"https:\/\/agpnoticias.com\/news\/wp-json\/wp\/v2\/posts\/2869354","targetHints":{"allow":["GET"]}}],"collection":[{"href":"https:\/\/agpnoticias.com\/news\/wp-json\/wp\/v2\/posts"}],"about":[{"href":"https:\/\/agpnoticias.com\/news\/wp-json\/wp\/v2\/types\/post"}],"author":[{"embeddable":true,"href":"https:\/\/agpnoticias.com\/news\/wp-json\/wp\/v2\/users\/1"}],"replies":[{"embeddable":true,"href":"https:\/\/agpnoticias.com\/news\/wp-json\/wp\/v2\/comments?post=2869354"}],"version-history":[{"count":3,"href":"https:\/\/agpnoticias.com\/news\/wp-json\/wp\/v2\/posts\/2869354\/revisions"}],"predecessor-version":[{"id":2869358,"href":"https:\/\/agpnoticias.com\/news\/wp-json\/wp\/v2\/posts\/2869354\/revisions\/2869358"}],"wp:featuredmedia":[{"embeddable":true,"href":"https:\/\/agpnoticias.com\/news\/wp-json\/wp\/v2\/media\/2869355"}],"wp:attachment":[{"href":"https:\/\/agpnoticias.com\/news\/wp-json\/wp\/v2\/media?parent=2869354"}],"wp:term":[{"taxonomy":"category","embeddable":true,"href":"https:\/\/agpnoticias.com\/news\/wp-json\/wp\/v2\/categories?post=2869354"},{"taxonomy":"post_tag","embeddable":true,"href":"https:\/\/agpnoticias.com\/news\/wp-json\/wp\/v2\/tags?post=2869354"}],"curies":[{"name":"wp","href":"https:\/\/api.w.org\/{rel}","templated":true}]}}