{"id":2870920,"date":"2017-01-10T17:00:52","date_gmt":"2017-01-11T01:00:52","guid":{"rendered":"http:\/\/agpnoticias.com\/news\/?p=2870920"},"modified":"2017-01-10T17:00:52","modified_gmt":"2017-01-11T01:00:52","slug":"chema-pina-furioso-y-max-protagonizan-el-sabado-funcion-de-zanfer-puro-ensenada","status":"publish","type":"post","link":"https:\/\/agpnoticias.com\/news\/chema-pina-furioso-y-max-protagonizan-el-sabado-funcion-de-zanfer-puro-ensenada\/","title":{"rendered":"\u00abChema\u00bb, Pina, \u00abFurioso\u00bb y Max protagonizan el s\u00e1bado funci\u00f3n de Zanfer: Puro Ensenada"},"content":{"rendered":"<p>Ensenada, Baja California.- Este s\u00e1bado el invicto ensenadense Carlos \u201cChema\u201d Ocampo protagonizar\u00e1 la pelea estelar de la funci\u00f3n sabatina que la empresa Zanfer llevar\u00e1 a cabo en el gimnasio municipal \u00d3scar \u201cTigre\u201d Garc\u00eda.<\/p>\n<p>El peleador dirigido por Rafael Guzm\u00e1n enfrentar\u00e1 al noqueador Daniel \u201cTocado\u201d Echeverr\u00eda (19-3-0, 17 KO\u00b4s) como cabeza de la cartelera que ser\u00e1 transmitida por TV Azteca desde Ensenada.<\/p>\n<p>\u201cChema\u201d Ocampo marcha con paso perfecto al ganar los 20 combates que ha disputado en el terreno profesional y es uno de los prospectos de la empresa presidida por Fernando Beltr\u00e1n.<\/p>\n<p>\u201cTodo va muy bien, ya estoy listo para pelear. Me cuide el peso y no me desvel\u00e9\u201d, revel\u00f3 hace unos d\u00edas tras una de sus pr\u00e1cticas en el Club Guzm\u00e1n.<\/p>\n<p>Por su parte, el entrenador Rafael Guzm\u00e1n ha dicho que \u201cChema\u201d tendr\u00e1 que sostener peleas de a\u00fan mayor exigencia durante 2017 dentro de una divisi\u00f3n tan competitiva como la de los pesos welter.<\/p>\n<p>\u201cTenemos dos opciones: perder por primera vez o ser verdaderos contendientes para ir por un campeonato mundial\u201d, ha se\u00f1alado en la v\u00edspera del combate.<\/p>\n<figure id=\"attachment_2870934\" aria-describedby=\"caption-attachment-2870934\" style=\"width: 600px\" class=\"wp-caption aligncenter\"><img fetchpriority=\"high\" decoding=\"async\" class=\"size-full wp-image-2870934\" src=\"http:\/\/agpnoticias.com\/news\/wp-content\/uploads\/2017\/01\/Gabriel-Pi\u00f1a-e1484096308872.jpg\" alt=\"\" width=\"600\" height=\"737\" \/><figcaption id=\"caption-attachment-2870934\" class=\"wp-caption-text\">Gabriel Pi\u00f1a<\/figcaption><\/figure>\n<p>El s\u00e1bado tambi\u00e9n pelear\u00e1 el ensenadense Gabriel Pi\u00f1a (14-12-5), cuya carrera tom\u00f3 fuerza gracias a la victoria que fue transmitida por TV Azteca sobre Miguel \u201cBarreterito\u201d Beltr\u00e1n en septiembre de 2016.<\/p>\n<p>Su adversario ser\u00e1 un invicto: Carlos \u201cChuko\u201d D\u00edaz (21-0-0).<\/p>\n<p>Sin embargo, el boxeador dirigido por Salvador \u201cZurdo\u201d F\u00e9lix consider\u00f3 que su rival \u201cha hecho la mitad de sus peleas contra bultos y debutantes\u201d.<\/p>\n<p>\u201cRevis\u00e9 su r\u00e9cord y s\u00e9 que estoy en condiciones de pelear, por eso tom\u00e9 la oportunidad\u201d, indic\u00f3.<\/p>\n<figure id=\"attachment_2870935\" aria-describedby=\"caption-attachment-2870935\" style=\"width: 600px\" class=\"wp-caption aligncenter\"><img decoding=\"async\" class=\"size-full wp-image-2870935\" src=\"http:\/\/agpnoticias.com\/news\/wp-content\/uploads\/2017\/01\/Furioso-Guzm\u00e1n-e1484096402932.jpg\" alt=\"\" width=\"600\" height=\"412\" \/><figcaption id=\"caption-attachment-2870935\" class=\"wp-caption-text\">\u00abFurioso\u00bb Guzm\u00e1n<\/figcaption><\/figure>\n<p>El tercero de los cuatro ensenadenses incluidos en la funci\u00f3n es Rafael Furioso\u201d Guzm\u00e1n (18-1-1), que tambi\u00e9n va contra un invicto, el tijuanense Samuel Garibaldi (12-0-1).<\/p>\n<p>\u201cMe siento muy motivado, ya que tengo tiempo de no pelear aqu\u00ed en Ensenada, y todav\u00eda m\u00e1s emocionado de regresar despu\u00e9s de la pelea que se cay\u00f3 contra Chuy P\u00e9rez (en diciembre)\u201d, coment\u00f3 en su momento.<\/p>\n<p>Y por \u00faltimo, Max Flores (21-3-0), que el mes pasado noque\u00f3 al invicto \u00c1ngel \u201cDiablito\u201d Ramos, se medir\u00e1 a Ulises Lara (17-14-2).<\/p>\n<p>Pese al poco tiempo transcurrido en relaci\u00f3n a ese combate, Rafael Guzm\u00e1n, entrenador de Max, estim\u00f3 que \u201cla disciplina y el hambre de triunfo que muestra en cada entrenamiento\u201d sacar\u00e1n adelante a su dirigido.<\/p>\n<p><img decoding=\"async\" class=\"aligncenter size-full wp-image-2870936\" src=\"http:\/\/agpnoticias.com\/news\/wp-content\/uploads\/2017\/01\/Max-Flores-1-e1484096436627.jpg\" alt=\"\" width=\"800\" height=\"533\" \/><\/p>\n","protected":false},"excerpt":{"rendered":"<p>Ensenada, Baja California.- Este s\u00e1bado el invicto ensenadense Carlos \u201cChema\u201d Ocampo protagonizar\u00e1 la pelea estelar&#8230;<\/p>\n","protected":false},"author":1,"featured_media":2870933,"comment_status":"open","ping_status":"closed","sticky":false,"template":"","format":"standard","meta":{"footnotes":""},"categories":[36,7],"tags":[595],"class_list":["post-2870920","post","type-post","status-publish","format-standard","has-post-thumbnail","hentry","category-boxeo","category-deportes","tag-destacado"],"_links":{"self":[{"href":"https:\/\/agpnoticias.com\/news\/wp-json\/wp\/v2\/posts\/2870920","targetHints":{"allow":["GET"]}}],"collection":[{"href":"https:\/\/agpnoticias.com\/news\/wp-json\/wp\/v2\/posts"}],"about":[{"href":"https:\/\/agpnoticias.com\/news\/wp-json\/wp\/v2\/types\/post"}],"author":[{"embeddable":true,"href":"https:\/\/agpnoticias.com\/news\/wp-json\/wp\/v2\/users\/1"}],"replies":[{"embeddable":true,"href":"https:\/\/agpnoticias.com\/news\/wp-json\/wp\/v2\/comments?post=2870920"}],"version-history":[{"count":2,"href":"https:\/\/agpnoticias.com\/news\/wp-json\/wp\/v2\/posts\/2870920\/revisions"}],"predecessor-version":[{"id":2870937,"href":"https:\/\/agpnoticias.com\/news\/wp-json\/wp\/v2\/posts\/2870920\/revisions\/2870937"}],"wp:featuredmedia":[{"embeddable":true,"href":"https:\/\/agpnoticias.com\/news\/wp-json\/wp\/v2\/media\/2870933"}],"wp:attachment":[{"href":"https:\/\/agpnoticias.com\/news\/wp-json\/wp\/v2\/media?parent=2870920"}],"wp:term":[{"taxonomy":"category","embeddable":true,"href":"https:\/\/agpnoticias.com\/news\/wp-json\/wp\/v2\/categories?post=2870920"},{"taxonomy":"post_tag","embeddable":true,"href":"https:\/\/agpnoticias.com\/news\/wp-json\/wp\/v2\/tags?post=2870920"}],"curies":[{"name":"wp","href":"https:\/\/api.w.org\/{rel}","templated":true}]}}