{"id":2870927,"date":"2017-01-10T16:29:00","date_gmt":"2017-01-11T00:29:00","guid":{"rendered":"http:\/\/agpnoticias.com\/news\/?p=2870927"},"modified":"2017-01-10T16:35:52","modified_gmt":"2017-01-11T00:35:52","slug":"promueven-encuentro-para-recordar-al-profe-alfredo-marin-mendez","status":"publish","type":"post","link":"https:\/\/agpnoticias.com\/news\/promueven-encuentro-para-recordar-al-profe-alfredo-marin-mendez\/","title":{"rendered":"Promueven encuentro para recordar al Profe Alfredo Mar\u00edn M\u00e9ndez"},"content":{"rendered":"<p>Ensenada, Baja California.- Amigos del profesor Alfredo Mar\u00edn M\u00e9ndez se reunir\u00e1n para recordarlo a m\u00e1s de un a\u00f1o de su fallecimiento.<\/p>\n<p>El cronista deportivo, maestro y locutor fue fundador de la iniciativa encaminada a crear un Sal\u00f3n de la Fama en Ensenada, cuyo actual promotor y presidente del consejo directivo del mismo, Fernando Ribeiro Cham, se ha dado a la tarea de organizar la reuni\u00f3n.<\/p>\n<p>\u201cA un a\u00f1o del fallecimiento del profesor Mar\u00edn M\u00e9ndez, tenemos la intenci\u00f3n para que a finales de mes podamos reunir a un grupo de amigos y cercanos al profesor, para recordar a trav\u00e9s de an\u00e9cdotas, su incursi\u00f3n a la cr\u00f3nica deportiva, su estrecha relaci\u00f3n con el Club Marineros de b\u00e9isbol y su lucha incansable a favor del Sal\u00f3n de la Fama del Deporte\u201d, precis\u00f3.<\/p>\n<p>Y adelant\u00f3: \u201cEstamos afinando detalles del d\u00eda y la sede en lo que ser\u00e1 un homenaje sencillo pero simb\u00f3lico a la trayectoria del profe\u201d.<\/p>\n<p>Alfredo Mar\u00edn M\u00e9ndez falleci\u00f3 el 3 de enero de 2016.<\/p>\n","protected":false},"excerpt":{"rendered":"<p>Ensenada, Baja California.- Amigos del profesor Alfredo Mar\u00edn M\u00e9ndez se reunir\u00e1n para recordarlo a m\u00e1s&#8230;<\/p>\n","protected":false},"author":1,"featured_media":2870928,"comment_status":"open","ping_status":"closed","sticky":false,"template":"","format":"standard","meta":{"footnotes":""},"categories":[7,173],"tags":[595],"class_list":["post-2870927","post","type-post","status-publish","format-standard","has-post-thumbnail","hentry","category-deportes","category-ayuntamiento-de-ensenada","tag-destacado"],"_links":{"self":[{"href":"https:\/\/agpnoticias.com\/news\/wp-json\/wp\/v2\/posts\/2870927","targetHints":{"allow":["GET"]}}],"collection":[{"href":"https:\/\/agpnoticias.com\/news\/wp-json\/wp\/v2\/posts"}],"about":[{"href":"https:\/\/agpnoticias.com\/news\/wp-json\/wp\/v2\/types\/post"}],"author":[{"embeddable":true,"href":"https:\/\/agpnoticias.com\/news\/wp-json\/wp\/v2\/users\/1"}],"replies":[{"embeddable":true,"href":"https:\/\/agpnoticias.com\/news\/wp-json\/wp\/v2\/comments?post=2870927"}],"version-history":[{"count":1,"href":"https:\/\/agpnoticias.com\/news\/wp-json\/wp\/v2\/posts\/2870927\/revisions"}],"predecessor-version":[{"id":2870929,"href":"https:\/\/agpnoticias.com\/news\/wp-json\/wp\/v2\/posts\/2870927\/revisions\/2870929"}],"wp:featuredmedia":[{"embeddable":true,"href":"https:\/\/agpnoticias.com\/news\/wp-json\/wp\/v2\/media\/2870928"}],"wp:attachment":[{"href":"https:\/\/agpnoticias.com\/news\/wp-json\/wp\/v2\/media?parent=2870927"}],"wp:term":[{"taxonomy":"category","embeddable":true,"href":"https:\/\/agpnoticias.com\/news\/wp-json\/wp\/v2\/categories?post=2870927"},{"taxonomy":"post_tag","embeddable":true,"href":"https:\/\/agpnoticias.com\/news\/wp-json\/wp\/v2\/tags?post=2870927"}],"curies":[{"name":"wp","href":"https:\/\/api.w.org\/{rel}","templated":true}]}}