{"id":2871001,"date":"2017-01-12T17:08:53","date_gmt":"2017-01-13T01:08:53","guid":{"rendered":"http:\/\/agpnoticias.com\/news\/?p=2871001"},"modified":"2017-12-12T11:30:29","modified_gmt":"2017-12-12T19:30:29","slug":"hector-juan-alberto-angel-los-tres-mosqueteros-mundialistas-de-ensenada","status":"publish","type":"post","link":"https:\/\/agpnoticias.com\/news\/hector-juan-alberto-angel-los-tres-mosqueteros-mundialistas-de-ensenada\/","title":{"rendered":"H\u00e9ctor, Juan Alberto y \u00c1ngel, \u00ablos tres mosqueteros\u00bb mundialistas de Ensenada"},"content":{"rendered":"<p>Ensenada, Baja California.- Tres ensenadenses representaron a M\u00e9xico en la Copa Mundial Juvenil de Esgrima (modalidad de Florete), disputada la primera semana de enero en Tijuana.<\/p>\n<p>El m\u00e1s experimentado del grupo, \u00c1ngel Mar\u00edn, alcanz\u00f3 el sexto lugar individual y elimin\u00f3 a un seleccionado argentino, Augusto Cervello, considerado n\u00famero uno del mundo.<\/p>\n<p>Y los menores del combinado nacional, Juan Alberto R\u00edos y H\u00e9ctor Ferniza, a sus 13 y 16 a\u00f1os, iniciaron su camino internacional frente a lo m\u00e1s destacado de la especialidad en el mundo.<\/p>\n<p>\u201cLa idea era foguear a los atletas que tengan un nivel para crecer m\u00e1s adelante con una experiencia internacional\u201d, inform\u00f3 Valodia Borges.<\/p>\n<p>El t\u00e9cnico de origen cubano precis\u00f3 que \u00c1ngel Mar\u00edn \u201cya lleva tres a\u00f1os concentrado en el Cnar (Centro Nacional de Alto Rendimiento) de la Ciudad de M\u00e9xico y los otros dos atletas, H\u00e9ctor y Juan Alberto, son noveles y han crecido mucho en los \u00faltimos dos a\u00f1os a nivel nacional, as\u00ed que por eso los invitaron\u201d.<\/p>\n<figure id=\"attachment_2871007\" aria-describedby=\"caption-attachment-2871007\" style=\"width: 390px\" class=\"wp-caption alignright\"><img fetchpriority=\"high\" decoding=\"async\" class=\"size-full wp-image-2871007\" src=\"http:\/\/agpnoticias.com\/news\/wp-content\/uploads\/2017\/01\/IMG_9850-e1484269433324.jpg\" alt=\"\" width=\"390\" height=\"267\" \/><figcaption id=\"caption-attachment-2871007\" class=\"wp-caption-text\">Los tres seleccionados con su entrenador Valodia Borges<\/figcaption><\/figure>\n<p>\u201cLos tres compitieron frente a 40 atletas de siete pa\u00edses, y lo hicieron muy bien pasando la primera ronda eliminatoria, lo que es muy complicado a este nivel\u201d, indic\u00f3.<\/p>\n<p>En t\u00e9rminos individuales, subray\u00f3 el hecho de que \u00c1ngel Mar\u00edn \u201chaya logrado el sexto lugar individual, eliminando a un argentino mejor ranqueado, por 15-13, en un muy buen combate\u201d.<\/p>\n<p>\u201cEso nos emocion\u00f3 mucho. Hay un buen potencial con \u00e9l y es importante que se le d\u00e9 la oportunidad de continuar su fogueo internacional para que pueda desarrollarse en este \u00e1mbito tan competitivo de manera constante\u201d, apunt\u00f3.<\/p>\n<p>Baja California aport\u00f3 11 de los 22 elementos que conformaron la selecci\u00f3n mexicana, situaci\u00f3n que \u201cviene a demostrar que en el este estado\u00a0hay mucha fortaleza y calidad en los atletas que viven un buen momento con resultados relevantes, tambi\u00e9n en la modalidad de sable\u201d.<\/p>\n<p>En cuanto al programa de Esgrima que ha desarrollado en Ensenada con el respaldo del Instituto del Deporte de Baja California (INDE), dijo que durante agosto cumplir\u00e1 tres a\u00f1os impartiendo la disciplina en el Centro de Alto Rendimiento de Valle Dorado.<\/p>\n<p>\u201cSe van viendo logros gracias al apoyo del instituto y los padres de familia. En la rama femenil tambi\u00e9n tenemos ni\u00f1as con un excelente nivel como Jimena Torres, as\u00ed como competidores en sable que dejar\u00e1n la categor\u00eda infantil, Diego Arteaga y Alberto C\u00f3rdova\u201d, l\u00edderes del \u00faltimo selectivo nacional.<\/p>\n<p>El entrenador que forma parte del equipo t\u00e9cnico de Baja California, liderado por su compatriota Alain Tandron, especific\u00f3 que el florete \u201ces la base de la Esgrima por ser considerado como arma b\u00e1sica de este deporte\u201d.<\/p>\n<p>\u201cS\u00f3lo se toca el dorso, pecho y espalda, y se usa una chaqueta el\u00e9ctrica para determinar los puntos. No valen los brazos, no vale la cabeza, tampoco de la cintura para abajo. El arma es m\u00e1s peque\u00f1a en el sentido del volumen, la espada es m\u00e1s oblicua y el sable cubre toda la mano\u201d, agreg\u00f3.<\/p>\n<p><strong>\u00c1ngel Mar\u00edn, de Ensenada al Cnar<\/strong><\/p>\n<p><img decoding=\"async\" class=\"alignright size-full wp-image-2871010\" src=\"http:\/\/agpnoticias.com\/news\/wp-content\/uploads\/2017\/01\/IMG_9870-e1484269589651.jpg\" alt=\"\" width=\"390\" height=\"269\" \/>Desde sus inicios en la Esgrima, a principios de la d\u00e9cada, el ahora seleccionado nacional dio muestras del potencial que hace unos d\u00edas lo ubic\u00f3 en el sexto lugar de la Copa del Mundo.<\/p>\n<p>Primero, al ser descubierto por el entrenador ensenadense \u00c1ngel Carrillo, emigr\u00f3 al Centro de Alto Rendimiento de Tijuana y desde hace un par de a\u00f1os radica en la Ciudad de M\u00e9xico para trabajar en el Cnar.<\/p>\n<p>Su sexto lugar en la Copa del Mundo contrast\u00f3 con un 2016 en el que no pudo consolidar su trayectoria dentro del seleccionado nacional.<\/p>\n<p>\u201cEl a\u00f1o pasado hubo un Panamericano y otra Copa del Mundo de Mayores y en ambas me fue muy mal. No es pretexto, pero me sent\u00ed muy nervioso en las dos competencias, no di lo que ten\u00eda que dar y eso me decepcion\u00f3\u201d, relat\u00f3.<\/p>\n<p>Entonces, \u201cperd\u00ed porque fueron errores que no pude controlar; en cambio ahora en la Copa del Mundo llegu\u00e9 hasta d\u00f3nde creo que deb\u00ed haber llegado. Me elimin\u00f3 un atleta muy bueno, Jos\u00e9 Narv\u00e1ez, tambi\u00e9n mexicano y m\u00e1s grande que yo, que m\u00e1s tarde gan\u00f3 el primer lugar\u201d.<\/p>\n<p>\u201cAntes, elimin\u00e9 a un argentino, n\u00famero uno de su selecci\u00f3n, Augusto Cervello, le di batalla al t\u00fa por t\u00fa, y ese triunfo gener\u00f3 muchas expectativas en m\u00ed, pero desafortunadamente me toc\u00f3 enfrentar muy r\u00e1pido a mi compa\u00f1ero de selecci\u00f3n\u201d, detall\u00f3.<\/p>\n<p>Sin embargo, reconoci\u00f3, \u201cel haber podido ganarle a un competidor como el argentino me hace pensar que puedo llegar lejos a nivel internacional, porque a los mexicanos de mi edad, ya les he ganado a todos en alg\u00fan momento\u201d.<\/p>\n<p>Sobre el desarrollo de la competencia, el estudiante de preparatoria en la Ciudad de M\u00e9xico dentro del Cnar \u201chubiera querido tener m\u00e1s fogueo contra gente de otros pa\u00edses y no enfrentar a tantos mexicanos\u201d.<\/p>\n<p>Despu\u00e9s de unos d\u00edas en Ensenada, \u00c1ngel Mar\u00edn regresar\u00e1 a la capital el martes 17 de enero para continuar su desarrollo con miras a Juegos Ol\u00edmpicos, principalmente apoyado por sus padres, a quienes agradeci\u00f3 dicho respaldo.<\/p>\n<p><strong>Juan Alberto, mundialista a los 13<\/strong><\/p>\n<p><img decoding=\"async\" class=\"alignright size-full wp-image-2871009\" src=\"http:\/\/agpnoticias.com\/news\/wp-content\/uploads\/2017\/01\/IMG_9854-e1484269635860.jpg\" alt=\"\" width=\"390\" height=\"279\" \/>Juan Alberto R\u00edos ya tiene oros y bronces a nivel nacional, pero su evoluci\u00f3n m\u00e1s notable se registr\u00f3 a principios de 2017 al ser invitado a la Copa del Mundo donde enfrent\u00f3 a rivales de entre 18 y 20 a\u00f1os.<\/p>\n<p>\u201cFue un honor que me invitaran a ese Mundial porque viv\u00ed una gran experiencia. Pude ver diferentes tipos de Esgrima y eso siempre lo hace crecer a uno. Me fue bien porque todos ten\u00edan mucha m\u00e1s edad que yo. Fui n\u00famero 27, que es muy bueno\u201d, estim\u00f3.<\/p>\n<p>En el futuro pretende \u201cllegar a varios pa\u00edses para competir en copas internacionales antes de la meta final, que son los Juegos Ol\u00edmpicos\u201d.<\/p>\n<p>El estudiante de segundo grado en la secundaria T\u00e9cnica 24 record\u00f3 que su experiencia como esgrimista inici\u00f3 cuando tom\u00f3 un curso de verano del INDE.<\/p>\n<p>\u201cAs\u00ed empec\u00e9 y me enamor\u00e9 muy r\u00e1pido de este deporte que me gust\u00f3 porque hay mucha adrenalina y la competencia en s\u00ed es muy emocionante, ya que se trata de tocar y que no te toquen\u201d, abund\u00f3.<\/p>\n<p>Para 2017, \u201cla idea es volver a ganar el oro en Campeonato Nacional y mejorar el bronce de la Olimpiada Nacional\u201d.<\/p>\n<p><strong>H\u00e9ctor Ferniza, prospecto hecho en Ensenada<\/strong><\/p>\n<p><img loading=\"lazy\" decoding=\"async\" class=\"alignright size-full wp-image-2871008\" src=\"http:\/\/agpnoticias.com\/news\/wp-content\/uploads\/2017\/01\/IMG_9852-e1484269668109.jpg\" alt=\"\" width=\"390\" height=\"260\" \/>El estudiante de primer semestre de preparatoria en Cetys conoci\u00f3 la Esgrima a los 10 a\u00f1os, ya hace cuatro, motivado por sus padres.<\/p>\n<p>\u201cLlegu\u00e9 a los 10 a\u00f1os y lo hice por lo que me contaba mi mam\u00e1 de conocidos de ella que practicaron Esgrima, y eso me dio curiosidad. Mi pap\u00e1 busc\u00f3 y encontr\u00f3 el CAR, vimos las clases, estuve dos semanas de prueba y me qued\u00e9\u201d, mencion\u00f3.<\/p>\n<p>La identificaci\u00f3n con el deporte se dio de manera instant\u00e1nea. \u201cMe gust\u00f3 todo: los entrenamientos y lo que est\u00e1 en juego durante la competencia\u201d.<\/p>\n<p>De su participaci\u00f3n mundialista, evalu\u00f3: \u201cNos invitaron a la Copa por ser en Baja California y ten\u00edamos que ir a tirar con todo, aunque nosotros apenas empezamos en eventos internacionales\u201d.<\/p>\n<p>\u201cLa experiencia fue excelente porque nunca hab\u00eda estado a este nivel y me toc\u00f3 enfrentar dos mexicanos y un rival de los Estados Unidos. Argentina y Venezuela\u201d,<\/p>\n<p>M\u00e1s adelante, H\u00e9ctor Ferniza \u00c1valos piensa estudiar la carrera de Medicina, sin descuidar su proceso como atleta de alto rendimiento.<\/p>\n<p>\u201cPienso seguir mucho tiempo, quedarme en selecci\u00f3n y poder hacer todo el ciclo hasta Juegos Ol\u00edmpicos\u201d, adelant\u00f3.<\/p>\n<p><img loading=\"lazy\" decoding=\"async\" class=\"aligncenter size-full wp-image-2871006\" src=\"http:\/\/agpnoticias.com\/news\/wp-content\/uploads\/2017\/01\/IMG_9836-e1484269707379.jpg\" alt=\"\" width=\"800\" height=\"533\" \/><\/p>\n","protected":false},"excerpt":{"rendered":"<p>Ensenada, Baja California.- Tres ensenadenses representaron a M\u00e9xico en la Copa Mundial Juvenil de Esgrima&#8230;<\/p>\n","protected":false},"author":1,"featured_media":2871005,"comment_status":"open","ping_status":"closed","sticky":false,"template":"","format":"standard","meta":{"footnotes":""},"categories":[73,879,7,693,405],"tags":[595],"class_list":["post-2871001","post","type-post","status-publish","format-standard","has-post-thumbnail","hentry","category-deportebajacalifornia","category-cetys-universidad","category-deportes","category-esgrima","category-sin-categoria-es","tag-destacado"],"_links":{"self":[{"href":"https:\/\/agpnoticias.com\/news\/wp-json\/wp\/v2\/posts\/2871001","targetHints":{"allow":["GET"]}}],"collection":[{"href":"https:\/\/agpnoticias.com\/news\/wp-json\/wp\/v2\/posts"}],"about":[{"href":"https:\/\/agpnoticias.com\/news\/wp-json\/wp\/v2\/types\/post"}],"author":[{"embeddable":true,"href":"https:\/\/agpnoticias.com\/news\/wp-json\/wp\/v2\/users\/1"}],"replies":[{"embeddable":true,"href":"https:\/\/agpnoticias.com\/news\/wp-json\/wp\/v2\/comments?post=2871001"}],"version-history":[{"count":6,"href":"https:\/\/agpnoticias.com\/news\/wp-json\/wp\/v2\/posts\/2871001\/revisions"}],"predecessor-version":[{"id":2871013,"href":"https:\/\/agpnoticias.com\/news\/wp-json\/wp\/v2\/posts\/2871001\/revisions\/2871013"}],"wp:featuredmedia":[{"embeddable":true,"href":"https:\/\/agpnoticias.com\/news\/wp-json\/wp\/v2\/media\/2871005"}],"wp:attachment":[{"href":"https:\/\/agpnoticias.com\/news\/wp-json\/wp\/v2\/media?parent=2871001"}],"wp:term":[{"taxonomy":"category","embeddable":true,"href":"https:\/\/agpnoticias.com\/news\/wp-json\/wp\/v2\/categories?post=2871001"},{"taxonomy":"post_tag","embeddable":true,"href":"https:\/\/agpnoticias.com\/news\/wp-json\/wp\/v2\/tags?post=2871001"}],"curies":[{"name":"wp","href":"https:\/\/api.w.org\/{rel}","templated":true}]}}