{"id":2874865,"date":"2017-04-12T15:18:36","date_gmt":"2017-04-12T22:18:36","guid":{"rendered":"http:\/\/agpnoticias.com\/news\/?p=2874865"},"modified":"2017-05-22T22:29:05","modified_gmt":"2017-05-23T05:29:05","slug":"marcos-vechionacci-regresa-a-freseros-y-ahora-si-espera-terminar-campeon","status":"publish","type":"post","link":"https:\/\/agpnoticias.com\/news\/marcos-vechionacci-regresa-a-freseros-y-ahora-si-espera-terminar-campeon\/","title":{"rendered":"Marcos Vechionacci regresa a Freseros y, ahora s\u00ed, espera terminar campe\u00f3n"},"content":{"rendered":"<p>Ensenada, Baja California.- Una lesi\u00f3n dej\u00f3 fuera de combate a Marcos Vechionacci en la parte decisiva de la temporada 2016 de la Liga Norte de M\u00e9xico.<\/p>\n<p>El antesalista fue base del crecimiento de Freseros de San Quint\u00edn durante la segunda mitad del torneo, pero en la recta final del mismo fue baja tras un encuentro ante Centinelas.<\/p>\n<p>Entonces tuvo que ver a la distancia, desde su natal Venezuela, la coronaci\u00f3n del equipo del valle al cual ha regresado para tratar de colaborar en la b\u00fasqueda del bicampeonato.<\/p>\n<p>\u201cLamentablemente el a\u00f1o pasado no pude terminar con el equipo por una lesi\u00f3n, un esguince en el tobillo izquierdo que sufr\u00ed en julio. Pens\u00e9 que podr\u00eda recuperarme, pero una mala barrida en Mexicali se me agrav\u00f3\u201d, describi\u00f3.<\/p>\n<p>El ex jugador de los Marineros de Ensenada necesit\u00f3 de casi medio a\u00f1o para volver sin secuelas.<\/p>\n<p>\u201cTom\u00e9 mi tiempo para recuperarme y he regresado al 100 por ciento despu\u00e9s de cuatro meses en terapia, ya que ten\u00eda dificultades hasta para caminar. Despu\u00e9s del quinto mes ya pude caminar y trotar\u201d, relat\u00f3.<\/p>\n<p>Ese proceso lo vivi\u00f3 en Venezuela donde permaneci\u00f3 de agosto a mediados de octubre, sin desligarse de lo que suced\u00eda en San Quint\u00edn.<\/p>\n<p>\u201cEstuve muy al pendiente. Dej\u00e9 buenos n\u00fameros y quer\u00eda llegar con el equipo al campeonato, lo que finalmente pas\u00f3, pero yo no pude estar presente. Desde all\u00e1 lo viv\u00ed muy contento porque se cumpli\u00f3 el objetivo que todos ten\u00edamos\u201d, apunt\u00f3.<\/p>\n<p>Para retomar ritmo de juego, Marcos Vechionacci eligi\u00f3 jugar beisbol amateur en la Liga Urbana de Ensenada, antes de reportar con los campeones Freseros.<\/p>\n<p>Como uno de los seis extranjeros permitidos para la temporada 2017, el pelotero de 30 a\u00f1os nacido en Valencia, Venezuela, consider\u00f3 que la inclusi\u00f3n de tres naturalizados elevar\u00e1 el nivel de juego y fomentar\u00e1 un crecimiento entre los prospectos de convenio.<\/p>\n<p>\u201cEn realidad eso le da m\u00e1s competitividad a la liga, porque los mismos peloteros mexicanos tendr\u00e1n motivaci\u00f3n para desarrollarse y crecer. Siguen los cinco lugares de convenio y los j\u00f3venes podr\u00e1n competir contra gente de experiencia en doble o triple A\u201d, estim\u00f3.<\/p>\n<p>Por \u00faltimo, resalt\u00f3 el inicio de los Freseros en la temporada 2017, \u201ca pesar de que s\u00f3lo fueron dos semanas de trabajo\u201d.<\/p>\n<p><em>Fotograf\u00eda: Freseros de San Quint\u00edn.<\/em><\/p>\n","protected":false},"excerpt":{"rendered":"<p>Ensenada, Baja California.- Una lesi\u00f3n dej\u00f3 fuera de combate a Marcos Vechionacci en la parte&#8230;<\/p>\n","protected":false},"author":1,"featured_media":2874866,"comment_status":"open","ping_status":"closed","sticky":false,"template":"","format":"standard","meta":{"footnotes":""},"categories":[30,7,18],"tags":[595,589],"class_list":["post-2874865","post","type-post","status-publish","format-standard","has-post-thumbnail","hentry","category-beisbol","category-deportes","category-marineros-de-ensenada","tag-destacado","tag-lnm"],"_links":{"self":[{"href":"https:\/\/agpnoticias.com\/news\/wp-json\/wp\/v2\/posts\/2874865","targetHints":{"allow":["GET"]}}],"collection":[{"href":"https:\/\/agpnoticias.com\/news\/wp-json\/wp\/v2\/posts"}],"about":[{"href":"https:\/\/agpnoticias.com\/news\/wp-json\/wp\/v2\/types\/post"}],"author":[{"embeddable":true,"href":"https:\/\/agpnoticias.com\/news\/wp-json\/wp\/v2\/users\/1"}],"replies":[{"embeddable":true,"href":"https:\/\/agpnoticias.com\/news\/wp-json\/wp\/v2\/comments?post=2874865"}],"version-history":[{"count":1,"href":"https:\/\/agpnoticias.com\/news\/wp-json\/wp\/v2\/posts\/2874865\/revisions"}],"predecessor-version":[{"id":2874867,"href":"https:\/\/agpnoticias.com\/news\/wp-json\/wp\/v2\/posts\/2874865\/revisions\/2874867"}],"wp:featuredmedia":[{"embeddable":true,"href":"https:\/\/agpnoticias.com\/news\/wp-json\/wp\/v2\/media\/2874866"}],"wp:attachment":[{"href":"https:\/\/agpnoticias.com\/news\/wp-json\/wp\/v2\/media?parent=2874865"}],"wp:term":[{"taxonomy":"category","embeddable":true,"href":"https:\/\/agpnoticias.com\/news\/wp-json\/wp\/v2\/categories?post=2874865"},{"taxonomy":"post_tag","embeddable":true,"href":"https:\/\/agpnoticias.com\/news\/wp-json\/wp\/v2\/tags?post=2874865"}],"curies":[{"name":"wp","href":"https:\/\/api.w.org\/{rel}","templated":true}]}}