{"id":2876119,"date":"2017-05-10T14:26:12","date_gmt":"2017-05-10T21:26:12","guid":{"rendered":"http:\/\/agpnoticias.com\/news\/?p=2876119"},"modified":"2017-05-10T14:26:12","modified_gmt":"2017-05-10T21:26:12","slug":"carlos-vargas-el-juvenil-de-18-anos-titular-en-la-defensa-de-los-lideres-xolos","status":"publish","type":"post","link":"https:\/\/agpnoticias.com\/news\/carlos-vargas-el-juvenil-de-18-anos-titular-en-la-defensa-de-los-lideres-xolos\/","title":{"rendered":"Carlos Vargas, el juvenil de 18 a\u00f1os, titular en la defensa de los l\u00edderes Xolos"},"content":{"rendered":"<p>Tijuana, Baja California.- Carlos Vargas, a los 18 a\u00f1os reci\u00e9n cumplidos, recibi\u00f3 la oportunidad de jugar como titular cuando el argentino Emanuel Aguilera se lesion\u00f3 despu\u00e9s de la fecha nueve luego de que Xolos perdiera por \u00faltima vez en el torneo Clausura 2017, ante Pachuca.<\/p>\n<p>D\u00edas m\u00e1s tarde, a partir de la fecha 10, se present\u00f3 oficialmente en la Liga y no ha soltado m\u00e1s el puesto titular.<\/p>\n<p>S\u00f3lo en su debut ante Santos, con 77 minutos sobre la cancha, el futbolista originario de Ciudad Ju\u00e1rez no particip\u00f3 todo el encuentro del equipo l\u00edder de la competencia.<\/p>\n<p>En resumen, con todo el tiempo sobre la cancha durante los siete partidos siguientes, acumula 707 minutos en Primera Divisi\u00f3n para llegar a su presentaci\u00f3n en liguilla este jueves en la visita a Monarcas Morelia.<\/p>\n<p>\u201cEstoy contento por conseguir el liderato pero ya que hay que trabajar con intensidad para la liguilla\u201d, dijo previo al inicio de los cuartos de final.<\/p>\n<p>Tomar el lugar del experimentado Emanuel Aguilera no ha sido motivo de presi\u00f3n para el defensa central que se present\u00f3 en la Copa MX antes de su debut liguero.<\/p>\n<p>\u201cLamentablemente he podido jugar por la lesi\u00f3n de un compa\u00f1eros, pero he estado aprovechando la oportunidad\u201d, refiri\u00f3.<\/p>\n<p>A su lado, Carlos Vargas ha tenido a Juan Carlos \u201cTopo\u201d Valenzuela; \u201c\u00e9l ha sido pieza clave de que est\u00e9 jugando de esta manera, siempre me aporta lo mejor que tiene y siempre estamos en comunicaci\u00f3n\u201d, reconoci\u00f3.<\/p>\n<p>De la solidez recuperada por la defensa de Xolos en la recta final del torneo, se\u00f1al\u00f3: \u201cEs cuesti\u00f3n de momentos, tratando de hacer lo mejor posible consolidando lo que haya que mejorar\u201d.<\/p>\n","protected":false},"excerpt":{"rendered":"<p>Tijuana, Baja California.- Carlos Vargas, a los 18 a\u00f1os reci\u00e9n cumplidos, recibi\u00f3 la oportunidad de&#8230;<\/p>\n","protected":false},"author":1,"featured_media":2876120,"comment_status":"open","ping_status":"closed","sticky":false,"template":"","format":"standard","meta":{"footnotes":""},"categories":[7,32,17],"tags":[595],"class_list":["post-2876119","post","type-post","status-publish","format-standard","has-post-thumbnail","hentry","category-deportes","category-soccer","category-xolos-de-tijuana","tag-destacado"],"_links":{"self":[{"href":"https:\/\/agpnoticias.com\/news\/wp-json\/wp\/v2\/posts\/2876119","targetHints":{"allow":["GET"]}}],"collection":[{"href":"https:\/\/agpnoticias.com\/news\/wp-json\/wp\/v2\/posts"}],"about":[{"href":"https:\/\/agpnoticias.com\/news\/wp-json\/wp\/v2\/types\/post"}],"author":[{"embeddable":true,"href":"https:\/\/agpnoticias.com\/news\/wp-json\/wp\/v2\/users\/1"}],"replies":[{"embeddable":true,"href":"https:\/\/agpnoticias.com\/news\/wp-json\/wp\/v2\/comments?post=2876119"}],"version-history":[{"count":1,"href":"https:\/\/agpnoticias.com\/news\/wp-json\/wp\/v2\/posts\/2876119\/revisions"}],"predecessor-version":[{"id":2876121,"href":"https:\/\/agpnoticias.com\/news\/wp-json\/wp\/v2\/posts\/2876119\/revisions\/2876121"}],"wp:featuredmedia":[{"embeddable":true,"href":"https:\/\/agpnoticias.com\/news\/wp-json\/wp\/v2\/media\/2876120"}],"wp:attachment":[{"href":"https:\/\/agpnoticias.com\/news\/wp-json\/wp\/v2\/media?parent=2876119"}],"wp:term":[{"taxonomy":"category","embeddable":true,"href":"https:\/\/agpnoticias.com\/news\/wp-json\/wp\/v2\/categories?post=2876119"},{"taxonomy":"post_tag","embeddable":true,"href":"https:\/\/agpnoticias.com\/news\/wp-json\/wp\/v2\/tags?post=2876119"}],"curies":[{"name":"wp","href":"https:\/\/api.w.org\/{rel}","templated":true}]}}