{"id":2876128,"date":"2017-05-10T15:34:23","date_gmt":"2017-05-10T22:34:23","guid":{"rendered":"http:\/\/agpnoticias.com\/news\/?p=2876128"},"modified":"2017-05-10T16:13:19","modified_gmt":"2017-05-10T23:13:19","slug":"inauguran-campeonato-nacional-de-esgrima-en-el-car-de-tijuana","status":"publish","type":"post","link":"https:\/\/agpnoticias.com\/news\/inauguran-campeonato-nacional-de-esgrima-en-el-car-de-tijuana\/","title":{"rendered":"Inauguran Campeonato Nacional de Esgrima en el CAR de Tijuana"},"content":{"rendered":"<p>Tijuana, Baja California.- El Campeonato Nacional de Esgrima fue oficialmente inaugurado este mi\u00e9rcoles en las instalaciones del Centro de Alto Rendimiento.<\/p>\n<p>En el Gimnasio de Usos M\u00faltiples del CAR, se dieron cita esgrimistas de todo el pa\u00eds, quienes iniciaron su participaci\u00f3n en la justa que reparte boletos a la Olimpiada Nacional y Nacional Juvenil, al igual que puntos de clasificaci\u00f3n rumbo a Copas del Mundo y el Mundial de la FIE a celebrarse en Leipzig.<\/p>\n<p><a href=\"http:\/\/agpnoticias.com\/news\/inauguran-campeonato-nacional-de-esgrima-en-el-car-de-tijuana\/directordelinde-2\/\" rel=\"attachment wp-att-2876129\"><img fetchpriority=\"high\" decoding=\"async\" class=\"alignright size-full wp-image-2876129\" src=\"http:\/\/agpnoticias.com\/news\/wp-content\/uploads\/2017\/05\/DIRECTORDELINDE-e1494457551869.jpg\" alt=\"\" width=\"360\" height=\"270\" \/><\/a>El titular de la Federaci\u00f3n Mexicana de Esgrima, Jorge Castro Rea, dio la declaratoria oficial de apertura del evento que re\u00fane a m\u00e1s de 1000 participantes y que culminar\u00e1 el pr\u00f3ximo 18 de mayo.<\/p>\n<p>La inauguraci\u00f3n tuvo lugar con la presencia de autoridades deportivas y representantes de la iniciativa privada. Entre ellos estuvieron, los directores de los institutos municipales del deporte de Tijuana y Tecate, Adalberto S\u00e1nchez y Luis Alonso Lim\u00f3n.<\/p>\n<p>De igual forma estuvo en el pres\u00eddium la representante de Relaciones P\u00fablicas de Payless Car Rental, Alethia Salas, as\u00ed como el encargado de gesti\u00f3n y proyectos del Instituto del Deporte y la Cultura F\u00edsica de Baja California, C\u00e9sar Osuna Brambila, al igual que el Director General del INDE, Sa\u00fal Castro Verdugo.<\/p>\n<p>La esgrimista bajacaliforniana Diana Preciado fue la encargada de dar el Juramento Deportivo, mientras que Jacobo Morales Calder\u00f3n realiz\u00f3 el juramento de los Jueces.<\/p>\n<p>Junto con el desfile de entidades participantes y organismos representativos tuvo lugar la participaci\u00f3n de las integrantes de la Escuela Vocacional de Arte Circense (EVAC), quienes interpretaron un n\u00famero de ballet acrob\u00e1tico que le dio un toque especial al inicio de actividades del campeonato.<\/p>\n<p><a href=\"http:\/\/agpnoticias.com\/news\/inauguran-campeonato-nacional-de-esgrima-en-el-car-de-tijuana\/esvrimista-julieta\/\" rel=\"attachment wp-att-2876130\"><img decoding=\"async\" class=\"aligncenter size-full wp-image-2876130\" src=\"http:\/\/agpnoticias.com\/news\/wp-content\/uploads\/2017\/05\/ESVRIMISTA-JULIETA-e1494457616957.jpg\" alt=\"\" width=\"500\" height=\"333\" \/><\/a><\/p>\n<p><strong>Primeros medallistas<\/strong><\/p>\n<p>Los primeros medallistas del Campeonato Nacional de Esgrima, surgieron ya en la jornada inaugural del certamen que re\u00fane a m\u00e1s de mil participantes en el Gimnasio de Usos M\u00faltiples del Centro de Alto Rendimiento.<\/p>\n<p>Entre los primeros resultados que se dieron destacaron los de las categor\u00edas infantiles. En la rama femenil \u201cA\u201d modalidad de florete, Baja California obtuvo sus dos primeros podios con Nahomi Romo y Roxana Gerardo.<\/p>\n<p>Romo finaliz\u00f3 con el subcampeonato luego de una final disputada ante la duranguense Erika Cid, quien a la postre se qued\u00f3 con el oro. Gerardo, por su parte, finaliz\u00f3 con la medalla de bronce y el tercer lugar que comparti\u00f3 con Yaretzi Fournet-Fayard, de la Ciudad de M\u00e9xico.<\/p>\n<p>Baja tambi\u00e9n consigui\u00f3 plata y bronce en la competencia de Florete Varonil Infantil Ol\u00edmpico con Hugo \u00c1lvarez y Juan Carlos Ch\u00e1vez, respectivamente. Tambi\u00e9n, en la competencia de sable infantil varonil destac\u00f3 Carlos Toledo, quien culmin\u00f3 con otro subcampeonato.<\/p>\n<p>Toledo se enfrent\u00f3 en la final a Ganesh Garc\u00eda de Jalisco. Los bronces fueron para \u00c1ngel Gallegos de Zacatecas y Rodrigo Quiroga, de Quintana Roo.<\/p>\n<p><strong>Florete Femenil Infantil \u201cA\u201d<\/strong><\/p>\n<p>Oro\u00a0\u00a0\u00a0\u00a0\u00a0 Erika Cid \u00a0\u00a0\u00a0\u00a0\u00a0\u00a0\u00a0 \u00a0\u00a0\u00a0\u00a0\u00a0\u00a0\u00a0\u00a0\u00a0\u00a0\u00a0 Durango<\/p>\n<p>Plata\u00a0\u00a0 Nahomi Romo\u00a0\u00a0\u00a0\u00a0\u00a0\u00a0\u00a0\u00a0\u00a0\u00a0\u00a0\u00a0\u00a0\u00a0\u00a0\u00a0\u00a0\u00a0\u00a0\u00a0\u00a0\u00a0 Baja California<\/p>\n<p>Bronce Yaretzi Fournet\u00a0\u00a0\u00a0\u00a0\u00a0\u00a0\u00a0\u00a0\u00a0 CDMX<\/p>\n<p>Bronce Roxana Gerardo\u00a0\u00a0\u00a0\u00a0\u00a0\u00a0\u00a0\u00a0 BC<\/p>\n<p><strong>Florete Varonil Infantil Ol\u00edmpico<\/strong><\/p>\n<p>Oro\u00a0\u00a0\u00a0\u00a0\u00a0 Emilio Arg\u00fcelles\u00a0\u00a0\u00a0\u00a0\u00a0\u00a0\u00a0 CDMX<\/p>\n<p>Plata\u00a0\u00a0 Hugo \u00c1lvarez\u00a0\u00a0\u00a0\u00a0\u00a0\u00a0\u00a0\u00a0\u00a0\u00a0\u00a0\u00a0\u00a0 Baja California<\/p>\n<p>Bronce Juan Carlos Chavez\u00a0\u00a0\u00a0 CDMX<\/p>\n<p>Bronce Brayan Vargas\u00a0\u00a0\u00a0\u00a0\u00a0\u00a0\u00a0\u00a0\u00a0\u00a0\u00a0\u00a0\u00a0\u00a0\u00a0\u00a0\u00a0\u00a0\u00a0\u00a0\u00a0\u00a0 Baja California<\/p>\n<p><strong>Sable Infantil Varonil \u201cA\u201d<\/strong><\/p>\n<p>Oro\u00a0\u00a0\u00a0\u00a0\u00a0 Ganesh Garc\u00eda\u00a0\u00a0\u00a0\u00a0\u00a0\u00a0\u00a0\u00a0\u00a0\u00a0\u00a0\u00a0\u00a0\u00a0\u00a0\u00a0\u00a0\u00a0\u00a0\u00a0\u00a0\u00a0 Jalisco<\/p>\n<p>Plara\u00a0\u00a0 Carlos Toledo\u00a0\u00a0\u00a0\u00a0\u00a0\u00a0\u00a0\u00a0\u00a0\u00a0\u00a0\u00a0 Baja California<\/p>\n<p>Bronce \u00c1ngel Gallegos\u00a0\u00a0\u00a0\u00a0\u00a0\u00a0\u00a0\u00a0\u00a0 Zacatecas<\/p>\n<p>Bronce Rodrigo Quiroga\u00a0\u00a0\u00a0\u00a0\u00a0\u00a0\u00a0 QROO<\/p>\n<p><strong>Espada Femenil Infantil \u201cA\u201d<\/strong><\/p>\n<p>Oro\u00a0\u00a0\u00a0\u00a0\u00a0 Mar\u00eda Fernanda L\u00f3pez\u00a0\u00a0\u00a0\u00a0\u00a0\u00a0\u00a0\u00a0\u00a0 Guanajuato<\/p>\n<p>Plata\u00a0\u00a0 Erika Cid\u00a0\u00a0\u00a0\u00a0\u00a0\u00a0\u00a0\u00a0\u00a0\u00a0\u00a0\u00a0\u00a0\u00a0\u00a0\u00a0\u00a0\u00a0\u00a0\u00a0\u00a0\u00a0\u00a0\u00a0\u00a0\u00a0\u00a0\u00a0\u00a0\u00a0\u00a0\u00a0 Durango<\/p>\n<p>Bronce Cruz Mar\u00eda Rodr\u00edgez\u00a0\u00a0\u00a0\u00a0\u00a0\u00a0\u00a0\u00a0\u00a0\u00a0\u00a0\u00a0\u00a0 Quer\u00e9taro<\/p>\n<p>Bronce Keila Dimayuga\u00a0\u00a0\u00a0\u00a0\u00a0\u00a0\u00a0\u00a0\u00a0\u00a0\u00a0\u00a0\u00a0\u00a0\u00a0\u00a0\u00a0\u00a0\u00a0\u00a0 Yucat\u00e1n<\/p>\n<p><em>Informaci\u00f3n y fotograf\u00edas: Instituto del Deporte de Baja California (INDE).<\/em><\/p>\n","protected":false},"excerpt":{"rendered":"<p>Tijuana, Baja California.- El Campeonato Nacional de Esgrima fue oficialmente inaugurado este mi\u00e9rcoles en las&#8230;<\/p>\n","protected":false},"author":1,"featured_media":2876131,"comment_status":"open","ping_status":"closed","sticky":false,"template":"","format":"standard","meta":{"footnotes":""},"categories":[73,7,693],"tags":[595],"class_list":["post-2876128","post","type-post","status-publish","format-standard","has-post-thumbnail","hentry","category-deportebajacalifornia","category-deportes","category-esgrima","tag-destacado"],"_links":{"self":[{"href":"https:\/\/agpnoticias.com\/news\/wp-json\/wp\/v2\/posts\/2876128","targetHints":{"allow":["GET"]}}],"collection":[{"href":"https:\/\/agpnoticias.com\/news\/wp-json\/wp\/v2\/posts"}],"about":[{"href":"https:\/\/agpnoticias.com\/news\/wp-json\/wp\/v2\/types\/post"}],"author":[{"embeddable":true,"href":"https:\/\/agpnoticias.com\/news\/wp-json\/wp\/v2\/users\/1"}],"replies":[{"embeddable":true,"href":"https:\/\/agpnoticias.com\/news\/wp-json\/wp\/v2\/comments?post=2876128"}],"version-history":[{"count":4,"href":"https:\/\/agpnoticias.com\/news\/wp-json\/wp\/v2\/posts\/2876128\/revisions"}],"predecessor-version":[{"id":2876136,"href":"https:\/\/agpnoticias.com\/news\/wp-json\/wp\/v2\/posts\/2876128\/revisions\/2876136"}],"wp:featuredmedia":[{"embeddable":true,"href":"https:\/\/agpnoticias.com\/news\/wp-json\/wp\/v2\/media\/2876131"}],"wp:attachment":[{"href":"https:\/\/agpnoticias.com\/news\/wp-json\/wp\/v2\/media?parent=2876128"}],"wp:term":[{"taxonomy":"category","embeddable":true,"href":"https:\/\/agpnoticias.com\/news\/wp-json\/wp\/v2\/categories?post=2876128"},{"taxonomy":"post_tag","embeddable":true,"href":"https:\/\/agpnoticias.com\/news\/wp-json\/wp\/v2\/tags?post=2876128"}],"curies":[{"name":"wp","href":"https:\/\/api.w.org\/{rel}","templated":true}]}}