{"id":2876743,"date":"2017-05-20T19:06:38","date_gmt":"2017-05-21T02:06:38","guid":{"rendered":"http:\/\/agpnoticias.com\/news\/?p=2876743"},"modified":"2017-05-20T19:07:39","modified_gmt":"2017-05-21T02:07:39","slug":"con-aviles-confirmado-de-inicio-herrera-planea-la-remontada-ante-tigres","status":"publish","type":"post","link":"https:\/\/agpnoticias.com\/news\/con-aviles-confirmado-de-inicio-herrera-planea-la-remontada-ante-tigres\/","title":{"rendered":"Con Avil\u00e9s confirmado de inicio, Herrera planea la remontada ante Tigres"},"content":{"rendered":"<p>Tijuana, Baja California.- Avil\u00e9s Hurtado estar\u00e1 de inicio contra Tigres. Lo que sufri\u00f3 el futbolista colombiano de Xolos de Tijuana, durante el juego de ida por la semifinal, s\u00f3lo \u201cfue un espasmo\u201d, seg\u00fan lo confirmado por Miguel Herrera.<\/p>\n<p>En contraste, el t\u00e9cnico del conjunto tijuanense descart\u00f3 tanto a Juan Carlos \u201cTopo\u201d Valenzuela, lesionado en la ida ante Tigres, como a Michael Orozco, ya con varias semanas de baja, ambos baluartes del cuadro bajo durante la temporada.<\/p>\n<p>\u201cAvil\u00e9s estar\u00e1 entre algodones para que llegue al 100. Tambi\u00e9n jugar\u00e1 Joe Corona (ausente en la ida)\u201d, adelant\u00f3 en la rueda de prensa previa al juego de vuelta.<\/p>\n<p><a href=\"http:\/\/agpnoticias.com\/news\/con-aviles-confirmado-de-inicio-herrera-planea-la-remontada-sobre-tigres\/img_9092\/\" rel=\"attachment wp-att-2876744\"><img fetchpriority=\"high\" decoding=\"async\" class=\"alignright size-full wp-image-2876744\" src=\"http:\/\/agpnoticias.com\/news\/wp-content\/uploads\/2017\/05\/IMG_9092-e1495332353413.jpg\" alt=\"\" width=\"330\" height=\"220\" \/><\/a>El ex seleccionador nacional admiti\u00f3 que revertir la desventaja de 2-0 despu\u00e9s del juego disputado en Monterrey ser\u00e1 \u201cdif\u00edcil\u201d, sobre todo \u201cmantener el cero\u201d porque \u201cenfrente hay un gran rival, un equipo muy ordenado\u201d que cont\u00f3 con \u201cla defensa menos goleada\u201d.<\/p>\n<p>\u201cTenemos que ir a atacar sin descuidar la parte baja\u201d, dijo.<\/p>\n<p>Sobre la aparici\u00f3n como posibles titulares de los juveniles Carlos Vargas e Hiram Mu\u00f1oz en la defensa, adem\u00e1s de Luis Ch\u00e1vez en el mediocampo, se\u00f1al\u00f3: \u201cEs lo que tengo\u201d.<\/p>\n<p>Pero destac\u00f3 lo hecho por sus dirigidos en la ida, a pesar de la derrota.<\/p>\n<p>\u201cNos gan\u00f3 Tigres pero su delantera tampoco no nos vapule\u00f3. Tuvieron dos o tres oportunidades y sus goles fueron m\u00e1s circunstanciales que grandes jugadas. Defensivamente los chavos se comportaron frente a ese poder\u00edo de equipo\u201d, refiri\u00f3.<\/p>\n<p>A horas de la vuelta, el \u201cPiojo\u201d a\u00fan no decid\u00eda su once. Lo definir\u00e1 despu\u00e9s de la pr\u00e1ctica sabatina.<\/p>\n<p>Y sostuvo que la remontada \u201ces posible\u201d, como lo ha mostrado la historia de Xolos en una semifinal ante Le\u00f3n, cuando gan\u00f3 m\u00e1s tarde el t\u00edtulo en el torneo Apertura 2012, al igual la suya propia como t\u00e9cnico durante la final que su Am\u00e9rica rescat\u00f3 ante Cruz Azul.<\/p>\n","protected":false},"excerpt":{"rendered":"<p>Tijuana, Baja California.- Avil\u00e9s Hurtado estar\u00e1 de inicio contra Tigres. Lo que sufri\u00f3 el futbolista&#8230;<\/p>\n","protected":false},"author":1,"featured_media":2876745,"comment_status":"open","ping_status":"closed","sticky":false,"template":"","format":"standard","meta":{"footnotes":""},"categories":[7,32,17],"tags":[595],"class_list":["post-2876743","post","type-post","status-publish","format-standard","has-post-thumbnail","hentry","category-deportes","category-soccer","category-xolos-de-tijuana","tag-destacado"],"_links":{"self":[{"href":"https:\/\/agpnoticias.com\/news\/wp-json\/wp\/v2\/posts\/2876743","targetHints":{"allow":["GET"]}}],"collection":[{"href":"https:\/\/agpnoticias.com\/news\/wp-json\/wp\/v2\/posts"}],"about":[{"href":"https:\/\/agpnoticias.com\/news\/wp-json\/wp\/v2\/types\/post"}],"author":[{"embeddable":true,"href":"https:\/\/agpnoticias.com\/news\/wp-json\/wp\/v2\/users\/1"}],"replies":[{"embeddable":true,"href":"https:\/\/agpnoticias.com\/news\/wp-json\/wp\/v2\/comments?post=2876743"}],"version-history":[{"count":3,"href":"https:\/\/agpnoticias.com\/news\/wp-json\/wp\/v2\/posts\/2876743\/revisions"}],"predecessor-version":[{"id":2876748,"href":"https:\/\/agpnoticias.com\/news\/wp-json\/wp\/v2\/posts\/2876743\/revisions\/2876748"}],"wp:featuredmedia":[{"embeddable":true,"href":"https:\/\/agpnoticias.com\/news\/wp-json\/wp\/v2\/media\/2876745"}],"wp:attachment":[{"href":"https:\/\/agpnoticias.com\/news\/wp-json\/wp\/v2\/media?parent=2876743"}],"wp:term":[{"taxonomy":"category","embeddable":true,"href":"https:\/\/agpnoticias.com\/news\/wp-json\/wp\/v2\/categories?post=2876743"},{"taxonomy":"post_tag","embeddable":true,"href":"https:\/\/agpnoticias.com\/news\/wp-json\/wp\/v2\/tags?post=2876743"}],"curies":[{"name":"wp","href":"https:\/\/api.w.org\/{rel}","templated":true}]}}