{"id":2877113,"date":"2017-05-27T15:04:12","date_gmt":"2017-05-27T22:04:12","guid":{"rendered":"http:\/\/agpnoticias.com\/news\/?p=2877113"},"modified":"2017-12-12T11:30:26","modified_gmt":"2017-12-12T19:30:26","slug":"perez-vertti-clasifica-al-mundial-fina-de-aguas-abiertas","status":"publish","type":"post","link":"https:\/\/agpnoticias.com\/news\/perez-vertti-clasifica-al-mundial-fina-de-aguas-abiertas\/","title":{"rendered":"Ensenadense ol\u00edmpico, P\u00e9rez Vertti, clasifica al Mundial FINA de aguas abiertas"},"content":{"rendered":"<p><a href=\"http:\/\/agpnoticias.com\/news\/perez-vertti-clasifica-al-mundial-fina-de-aguas-abiertas\/18765347_10156133461978362_1759946310_o\/\" rel=\"attachment wp-att-2877115\"><img fetchpriority=\"high\" decoding=\"async\" class=\"alignright size-full wp-image-2877115\" src=\"http:\/\/agpnoticias.com\/news\/wp-content\/uploads\/2017\/05\/18765347_10156133461978362_1759946310_o-e1495922518336.jpg\" alt=\"\" width=\"380\" height=\"285\" \/><\/a>Ensenada, Baja California.- El ensenadense Arturo P\u00e9rez Vertti clasific\u00f3 tanto a la competencia internacional Central American and Caribbean Amateur Swimming (CCCAN) de Trinidad &amp; Tobago y el Mundial FINA Budapest 2017 al obtener el segundo lugar en el selectivo Swim Store.<\/p>\n<p>En el malec\u00f3n de Puerto Vallarte, el ol\u00edmpico por M\u00e9xico en Londres 2012 destac\u00f3 en la distancia de los 10 kil\u00f3metros de la modalidad de aguas abiertas para avanzar a ambos eventos internacionales.<\/p>\n<p>\u201cFue un buen resultado: segundo lugar general. El tiempo de aguas abiertas no es importante. Lo importante son los lugares. Y en esta ocasi\u00f3n clasificaron los tres primeros lugares varonil y femeniles\u201d, explic\u00f3 apenas terminada la eliminatoria.<\/p>\n<p>El nadador dirigido por Paulo Salas, adem\u00e1s de destacar que \u00e9l pag\u00f3 el viaje a Puerto Vallarta, se\u00f1al\u00f3 que el siguiente paso ser\u00e1 competir en el CCCAN donde se pondr\u00e1n en juego las tres plazas de M\u00e9xico rumbo a los Juegos Centroamericanos y del Caribe.<\/p>\n<p>P\u00e9rez Vertti, estudiante de la carrera de administraci\u00f3n de empresas en CETYS Mexicali, va como uno de los tres nadadores por M\u00e9xico y competir\u00e1 tanto en los 10 como en los 5 kil\u00f3metros, con el objetivo de \u201cquedar entre los 23 mejores\u201d.<\/p>\n<p>La Copa Mundial ser\u00e1 entre el 14 y el 30 de julio en Budapest, Hungr\u00eda.<\/p>\n","protected":false},"excerpt":{"rendered":"<p>Ensenada, Baja California.- El ensenadense Arturo P\u00e9rez Vertti clasific\u00f3 tanto a la competencia internacional Central&#8230;<\/p>\n","protected":false},"author":1,"featured_media":2877114,"comment_status":"open","ping_status":"closed","sticky":false,"template":"","format":"standard","meta":{"footnotes":""},"categories":[73,879,7],"tags":[595],"class_list":["post-2877113","post","type-post","status-publish","format-standard","has-post-thumbnail","hentry","category-deportebajacalifornia","category-cetys-universidad","category-deportes","tag-destacado"],"_links":{"self":[{"href":"https:\/\/agpnoticias.com\/news\/wp-json\/wp\/v2\/posts\/2877113","targetHints":{"allow":["GET"]}}],"collection":[{"href":"https:\/\/agpnoticias.com\/news\/wp-json\/wp\/v2\/posts"}],"about":[{"href":"https:\/\/agpnoticias.com\/news\/wp-json\/wp\/v2\/types\/post"}],"author":[{"embeddable":true,"href":"https:\/\/agpnoticias.com\/news\/wp-json\/wp\/v2\/users\/1"}],"replies":[{"embeddable":true,"href":"https:\/\/agpnoticias.com\/news\/wp-json\/wp\/v2\/comments?post=2877113"}],"version-history":[{"count":5,"href":"https:\/\/agpnoticias.com\/news\/wp-json\/wp\/v2\/posts\/2877113\/revisions"}],"predecessor-version":[{"id":2877132,"href":"https:\/\/agpnoticias.com\/news\/wp-json\/wp\/v2\/posts\/2877113\/revisions\/2877132"}],"wp:featuredmedia":[{"embeddable":true,"href":"https:\/\/agpnoticias.com\/news\/wp-json\/wp\/v2\/media\/2877114"}],"wp:attachment":[{"href":"https:\/\/agpnoticias.com\/news\/wp-json\/wp\/v2\/media?parent=2877113"}],"wp:term":[{"taxonomy":"category","embeddable":true,"href":"https:\/\/agpnoticias.com\/news\/wp-json\/wp\/v2\/categories?post=2877113"},{"taxonomy":"post_tag","embeddable":true,"href":"https:\/\/agpnoticias.com\/news\/wp-json\/wp\/v2\/tags?post=2877113"}],"curies":[{"name":"wp","href":"https:\/\/api.w.org\/{rel}","templated":true}]}}